{"id":938,"date":"2015-02-03T10:49:34","date_gmt":"2015-02-03T10:49:34","guid":{"rendered":"http:\/\/site.ombudsman.hr\/?p=938"},"modified":"2019-05-20T10:50:11","modified_gmt":"2019-05-20T10:50:11","slug":"prvi-sastanak-platforme-za-integraciju-roma","status":"publish","type":"post","link":"https:\/\/www.ombudsman.hr\/hr\/prvi-sastanak-platforme-za-integraciju-roma\/","title":{"rendered":"Prvi sastanak Platforme za integraciju Roma"},"content":{"rendered":"<p style=\"text-align: justify;\">U listopadu 2013. godine po prvi su se puta sastala nacionalna tijela za ljudska prava, tijela za suzbijanje diskriminacije i promicanje jednakosti te pravobraniteljske institucije iz cijele Europe, a na sastanku su sudjelovali i predstavnici Vije\u0107a Europe, EU Agencije za za\u0161titu ljudskih prava, Ujedinjenih naroda i OESS-ovog Ureda za demokratske institucije i ljudska prava te su tada dogovoreni daljnji koraci potrebni kako bi se unaprijedila za\u0161tita ljudskih prava kroz suradnju institucija. Tako su dogovorene platforme suradnje na temama azila i migracija, integracije Roma, borbe protiv zlo\u010dina iz mr\u017enje, unaprje\u0111enja socijalnih i ekonomih prava te dru\u0161tveno-ekonomske jednakosti.<\/p>\n<p><!--more--><\/p>\n<p style=\"text-align: justify;\">Slijedom postignutih dogovora, a pod vodstvom Vije\u0107a Europe, 30. sije\u010dnja 2015. godine u Strasbourgu je odr\u017ean \u00a0prvi sastanak Platforme posve\u0107ene integraciji Roma. Na sastanku su predstavnici spomenutih organizacija i nacionalnih tijela iz 12 zemalja, uklju\u010duju\u0107i predstavnicu pu\u010dke pravobraniteljice, raspravili budu\u0107e metode i na\u010dela suradnje unutar Platforme. Definirane su \u00a0tri teme koje \u0107e biti u fokusu rada i suradnje unutar Platforme: 1. suzbijanje diskriminacije Roma, 2. podizanje svijesti o tijelima za za\u0161titu ljudskih prava i suzbijanje diskriminacije i promicanje jednakosti te njihovim ulogama pri osiguravanju pristupa pravdi za romske zajednice i 3. unaprje\u0111enje nacionalnih politika za integraciju Roma te implementacija istih.<\/p>\n","protected":false},"excerpt":{"rendered":"<p>U listopadu 2013. godine po prvi su se puta sastala nacionalna tijela za ljudska prava, tijela za suzbijanje diskriminacije i promicanje jednakosti te pravobraniteljske institucije iz cijele Europe, a na sastanku su sudjelovali i predstavnici Vije\u0107a Europe, EU Agencije za za\u0161titu ljudskih prava, Ujedinjenih naroda i OESS-ovog Ureda za demokratske institucije i ljudska prava te [&hellip;]<\/p>\n","protected":false},"author":1,"featured_media":0,"comment_status":"open","ping_status":"open","sticky":false,"template":"","format":"standard","meta":{"footnotes":""},"categories":[2090],"tags":[311,432,572,629,658,675,1351,875],"class_list":["post-938","post","type-post","status-publish","format-standard","hentry","category-novosti","tag-fra","tag-nacionalne-manjine","tag-romska-manjina","tag-suzbijanje-diskriminacije","tag-un","tag-vijece-europe","tag-odihr","tag-oess"],"_links":{"self":[{"href":"https:\/\/www.ombudsman.hr\/hr\/wp-json\/wp\/v2\/posts\/938","targetHints":{"allow":["GET"]}}],"collection":[{"href":"https:\/\/www.ombudsman.hr\/hr\/wp-json\/wp\/v2\/posts"}],"about":[{"href":"https:\/\/www.ombudsman.hr\/hr\/wp-json\/wp\/v2\/types\/post"}],"author":[{"embeddable":true,"href":"https:\/\/www.ombudsman.hr\/hr\/wp-json\/wp\/v2\/users\/1"}],"replies":[{"embeddable":true,"href":"https:\/\/www.ombudsman.hr\/hr\/wp-json\/wp\/v2\/comments?post=938"}],"version-history":[{"count":2,"href":"https:\/\/www.ombudsman.hr\/hr\/wp-json\/wp\/v2\/posts\/938\/revisions"}],"predecessor-version":[{"id":5459,"href":"https:\/\/www.ombudsman.hr\/hr\/wp-json\/wp\/v2\/posts\/938\/revisions\/5459"}],"wp:attachment":[{"href":"https:\/\/www.ombudsman.hr\/hr\/wp-json\/wp\/v2\/media?parent=938"}],"wp:term":[{"taxonomy":"category","embeddable":true,"href":"https:\/\/www.ombudsman.hr\/hr\/wp-json\/wp\/v2\/categories?post=938"},{"taxonomy":"post_tag","embeddable":true,"href":"https:\/\/www.ombudsman.hr\/hr\/wp-json\/wp\/v2\/tags?post=938"}],"curies":[{"name":"wp","href":"https:\/\/api.w.org\/{rel}","templated":true}]}}