{"id":851,"date":"2014-11-20T11:48:00","date_gmt":"2014-11-20T11:48:00","guid":{"rendered":"http:\/\/site.ombudsman.hr\/?p=851"},"modified":"2019-05-21T13:49:58","modified_gmt":"2019-05-21T13:49:58","slug":"novinarska-etika-u-pracenju-izborne-kampanje","status":"publish","type":"post","link":"https:\/\/www.ombudsman.hr\/hr\/novinarska-etika-u-pracenju-izborne-kampanje\/","title":{"rendered":"Novinarska etika u pra\u0107enju izborne kampanje"},"content":{"rendered":"<p style=\"text-align: justify;\">Ju\u010der, 19. studenoga 2014. u Novinarskom je domu odr\u017ean okrugli stol\u00a0 Vije\u0107a za elektroni\u010dke medije pod nazivom \u201eNovinarska etika u pra\u0107enju izbornih kampanja\u201c, a koji je organiziran u okviru apela za eti\u010dki uravnote\u017eenim pra\u0107enja izbornih kampanja bez govora mr\u017enje.\u00a0 Na okruglom stolu sudjelovala je zamjenica pu\u010dke pravobraniteljice Tena \u0160imonovi\u0107 Einwalter koja je govorila o govoru mr\u017enje, ali i preno\u0161enju stereotipa i predrasuda u kontekstu izbornih kampanja te odgovornosti koju snose novinari suo\u010deni s govorom mr\u017enje.<\/p>\n<p style=\"text-align: justify;\">Uvodna izlaganja odr\u017eali su Mirjana Raki\u0107, ravnateljica Agencije i predsjednica Vije\u0107a za elektroni\u010dke medije, prof. dr.sc. Gordana Vilovi\u0107 s Fakulteta politi\u010dkih znanosti u Zagrebu i Drago Hedl, novinar i knji\u017eevni autor, s velikim iskustvom rada u Vije\u0107u \u010dasti Hrvatskog novinarskog dru\u0161tva.<\/p>\n<p><!--more--><\/p>\n<p>&nbsp;<\/p>\n<p style=\"text-align: justify;\">S obzirom da se pribli\u017eavaju izbori sve je ve\u0107a koli\u010dina informacija, no, istaknula je Mirjana Raki\u0107, ravnateljica Agencije za elektroni\u010dke medije, sloboda izra\u017eavanja ima svoje granice. Da je novinarima danas u izbornom razdoblju te\u0161ko izvje\u0161tavati, \u0161to zbog devastacije struke\u00a0 \u0161to zbog novih medija poput Facebooka i Twittera istaknula je profesorica Gordana Vilovi\u0107 s Fakulteta politi\u010dkih znanosti. Me\u0111u naj\u010de\u0161\u0107e &#8216;grijehe&#8217; izbornog izvje\u0161tavanja ubrojila je favoriziranje kandidata, sponzorirane tekstove, zloupotrebu djece i nemo\u0107nih u svrhu izbornog izvje\u0161tavanja, kori\u0161tenje nepoliti\u010dkih magazina kao mjesto jeftinog oglasa, nepotpune ankete i sli\u010dno. Upozorila je da novinar mora inzistirati na preno\u0161enju izjava predsjedni\u010dkih kandidata, ali da njihove mogu\u0107e neeti\u010dke izjave treba \u201eupakirati komentarom\u201c.<\/p>\n<p style=\"text-align: justify;\">Brojni stru\u010dnjaci, novinari i urednici na okruglom stolu zaklju\u010dili su da je situacija danas ipak bolja nego prije pet godina, posebice kad je rije\u010d o televizijama s nacionalnim koncesijama.<\/p>\n<p style=\"text-align: justify;\">Sigurni smo da je ovako\u00a0 otvorena diskusija svih dionika, od novinara i urednika, nadle\u017enih regulatornih tijela i nezavisnih organizacija civilne scene, sve do pravnika i stru\u010dnjaka za odnose s javno\u0161\u0107u, od velike pomo\u0107i u znatno efikasnijoj regulaciji te samo-regulaciji hrvatskih elektroni\u010dkih medija.<\/p>\n","protected":false},"excerpt":{"rendered":"<p>Ju\u010der, 19. studenoga 2014. u Novinarskom je domu odr\u017ean okrugli stol\u00a0 Vije\u0107a za elektroni\u010dke medije pod nazivom \u201eNovinarska etika u pra\u0107enju izbornih kampanja\u201c, a koji je organiziran u okviru apela za eti\u010dki uravnote\u017eenim pra\u0107enja izbornih kampanja bez govora mr\u017enje.\u00a0 Na okruglom stolu sudjelovala je zamjenica pu\u010dke pravobraniteljice Tena \u0160imonovi\u0107 Einwalter koja je govorila o govoru [&hellip;]<\/p>\n","protected":false},"author":1,"featured_media":850,"comment_status":"open","ping_status":"open","sticky":false,"template":"","format":"standard","meta":{"footnotes":""},"categories":[2090],"tags":[629],"class_list":["post-851","post","type-post","status-publish","format-standard","has-post-thumbnail","hentry","category-novosti","tag-suzbijanje-diskriminacije"],"_links":{"self":[{"href":"https:\/\/www.ombudsman.hr\/hr\/wp-json\/wp\/v2\/posts\/851","targetHints":{"allow":["GET"]}}],"collection":[{"href":"https:\/\/www.ombudsman.hr\/hr\/wp-json\/wp\/v2\/posts"}],"about":[{"href":"https:\/\/www.ombudsman.hr\/hr\/wp-json\/wp\/v2\/types\/post"}],"author":[{"embeddable":true,"href":"https:\/\/www.ombudsman.hr\/hr\/wp-json\/wp\/v2\/users\/1"}],"replies":[{"embeddable":true,"href":"https:\/\/www.ombudsman.hr\/hr\/wp-json\/wp\/v2\/comments?post=851"}],"version-history":[{"count":2,"href":"https:\/\/www.ombudsman.hr\/hr\/wp-json\/wp\/v2\/posts\/851\/revisions"}],"predecessor-version":[{"id":5528,"href":"https:\/\/www.ombudsman.hr\/hr\/wp-json\/wp\/v2\/posts\/851\/revisions\/5528"}],"wp:featuredmedia":[{"embeddable":true,"href":"https:\/\/www.ombudsman.hr\/hr\/wp-json\/wp\/v2\/media\/850"}],"wp:attachment":[{"href":"https:\/\/www.ombudsman.hr\/hr\/wp-json\/wp\/v2\/media?parent=851"}],"wp:term":[{"taxonomy":"category","embeddable":true,"href":"https:\/\/www.ombudsman.hr\/hr\/wp-json\/wp\/v2\/categories?post=851"},{"taxonomy":"post_tag","embeddable":true,"href":"https:\/\/www.ombudsman.hr\/hr\/wp-json\/wp\/v2\/tags?post=851"}],"curies":[{"name":"wp","href":"https:\/\/api.w.org\/{rel}","templated":true}]}}