{"id":831,"date":"2014-11-05T15:10:38","date_gmt":"2014-11-05T15:10:38","guid":{"rendered":"http:\/\/site.ombudsman.hr\/?p=831"},"modified":"2019-05-17T17:58:11","modified_gmt":"2019-05-17T17:58:11","slug":"predstavljeno-istrazivanje-socio-kulturni-aspekti-starenja-u-hrvatskoj","status":"publish","type":"post","link":"https:\/\/www.ombudsman.hr\/hr\/predstavljeno-istrazivanje-socio-kulturni-aspekti-starenja-u-hrvatskoj\/","title":{"rendered":"Predstavljeno istra\u017eivanje \u201eSocio-kulturni aspekti starenja u Hrvatskoj\u201c"},"content":{"rendered":"<p style=\"text-align: justify;\">U Domu za starije i nemo\u0107ne osobe Sv. Ana u Zagrebu 05. studenoga 2014. je odr\u017eana prezentacija rezultata istra\u017eivanja pod nazivom \u201eSocio-kulturni i rodni aspekti starenja u Hrvatskoj\u201c. Istra\u017eivanje su u domovima za starije i nemo\u0107ne osobe Zenta, Lovret (u Splitu), Medve\u0161\u0107ak i Sv. Ana (u Zagrebu) proveli znanstvenici Instituta dru\u0161tvenih znanosti \u201eIvo Pilar\u201c, a rezultati su predstavljeni i samim ispitanicima. Prezentaciji je nazo\u010dila i predstavnica Ureda pu\u010dke pravobraniteljice koja je predstavila instituciju i njen rad u podru\u010dju za\u0161tite od diskriminacije te za\u0161tite i promicanja prava osoba starije \u017eivotne dobi.<\/p>\n<p style=\"text-align: justify;\">Istra\u017eivanje je provedeno uz podr\u0161ku Zaklade Adris s ciljem ukazivanja na kulturne, rodne i socijalne aspekte starenja. Sagledavaju\u0107i problematiku iz kuta korisnika usluga domova za starije i nemo\u0107ne, ali i iz perspektive njihovih zaposlenika, dobiveni rezultati istra\u017eivanja prikazuju predod\u017ebe i iskustva starosti i starenja u Republici Hrvatskoj.<\/p>\n","protected":false},"excerpt":{"rendered":"<p>U Domu za starije i nemo\u0107ne osobe Sv. Ana u Zagrebu 05. studenoga 2014. je odr\u017eana prezentacija rezultata istra\u017eivanja pod nazivom \u201eSocio-kulturni i rodni aspekti starenja u Hrvatskoj\u201c. Istra\u017eivanje su u domovima za starije i nemo\u0107ne osobe Zenta, Lovret (u Splitu), Medve\u0161\u0107ak i Sv. Ana (u Zagrebu) proveli znanstvenici Instituta dru\u0161tvenih znanosti \u201eIvo Pilar\u201c, a [&hellip;]<\/p>\n","protected":false},"author":1,"featured_media":0,"comment_status":"open","ping_status":"open","sticky":false,"template":"","format":"standard","meta":{"footnotes":""},"categories":[2090],"tags":[607,1095,1288],"class_list":["post-831","post","type-post","status-publish","format-standard","hentry","category-novosti","tag-starije-osobe","tag-organizacije-civilnog-drustva","tag-zastita-i-promocija-ljudskih-prava"],"_links":{"self":[{"href":"https:\/\/www.ombudsman.hr\/hr\/wp-json\/wp\/v2\/posts\/831","targetHints":{"allow":["GET"]}}],"collection":[{"href":"https:\/\/www.ombudsman.hr\/hr\/wp-json\/wp\/v2\/posts"}],"about":[{"href":"https:\/\/www.ombudsman.hr\/hr\/wp-json\/wp\/v2\/types\/post"}],"author":[{"embeddable":true,"href":"https:\/\/www.ombudsman.hr\/hr\/wp-json\/wp\/v2\/users\/1"}],"replies":[{"embeddable":true,"href":"https:\/\/www.ombudsman.hr\/hr\/wp-json\/wp\/v2\/comments?post=831"}],"version-history":[{"count":2,"href":"https:\/\/www.ombudsman.hr\/hr\/wp-json\/wp\/v2\/posts\/831\/revisions"}],"predecessor-version":[{"id":5543,"href":"https:\/\/www.ombudsman.hr\/hr\/wp-json\/wp\/v2\/posts\/831\/revisions\/5543"}],"wp:attachment":[{"href":"https:\/\/www.ombudsman.hr\/hr\/wp-json\/wp\/v2\/media?parent=831"}],"wp:term":[{"taxonomy":"category","embeddable":true,"href":"https:\/\/www.ombudsman.hr\/hr\/wp-json\/wp\/v2\/categories?post=831"},{"taxonomy":"post_tag","embeddable":true,"href":"https:\/\/www.ombudsman.hr\/hr\/wp-json\/wp\/v2\/tags?post=831"}],"curies":[{"name":"wp","href":"https:\/\/api.w.org\/{rel}","templated":true}]}}