{"id":8199,"date":"2020-05-08T13:34:57","date_gmt":"2020-05-08T11:34:57","guid":{"rendered":"https:\/\/www.ombudsman.hr\/hr\/?p=8199"},"modified":"2020-09-23T16:21:04","modified_gmt":"2020-09-23T14:21:04","slug":"odnosi-s-javnoscu","status":"publish","type":"post","link":"https:\/\/www.ombudsman.hr\/hr\/odnosi-s-javnoscu\/","title":{"rendered":"Odnosi s javno\u0161\u0107u"},"content":{"rendered":"<blockquote><p>Zna\u010dajan dio rada pu\u010dkog pravobranitelja odnosi se i na promociju ljudskih prava i jednakosti te podizanje svijesti o njihovu zna\u010daju za svakodnevni \u017eivot gra\u0111ana, pri \u010demu su odnosi s javno\u0161\u0107u iznimno va\u017ean alat, a uklju\u010duju suradnju s medijima, informiranje putem slu\u017ebene stranice <a href=\"http:\/\/www.ombudsman.hr\/\">www.ombudsman.hr, <\/a>dru\u0161tvenih mre\u017ea i newslettera te organiziranje tematskih doga\u0111aja.<\/p><\/blockquote>\n<p>Najvi\u0161e interesa medija i posjetitelja stranice izazvale su teme o pravima starijih osoba, za\u0161titi okoli\u0161a, migracijama, pravima nacionalnih manjina, povijesnom revizionizmu te novom mandatu za\u0161tite prijavitelja nepravilnosti. Uz to, lokalni mediji u zna\u010dajnoj su mjeri pratili terenske obilaske te izvje\u0161tavali o ljudskim pravima i diskriminaciji u ruralnim podru\u010djima.<\/p>\n<p>Twitter profil <a href=\"https:\/\/twitter.com\/OmbudsmanHR\">@OmbudsmanHR<\/a> u 2019. zapratilo je dodatnih 232 korisnika, \u0161to je rast od 16% u odnosu na godinu ranije. Najva\u017enije novosti o temama iz na\u0161eg podru\u010dja i aktivnosti institucije redovito smo, u obliku newslettera, slali na e-mail adrese vi\u0161e stotina dionika, uklju\u010duju\u0107i saborske zastupnike, klubove zastupnika i odbore.<\/p>\n<p>Na kraju, suradnjom vi\u0161e slu\u017ebi Ureda, organizirali smo i \u0161est tematskih okruglih stolova u Zagrebu, Splitu, Osijeku i Rijeci, koji su bili posve\u0107eni problemima dosmrtnog i do\u017eivotnog uzdr\u017eavanja, suradnji pacijenta i lije\u010dnika prilikom dobrovoljne hospitalizacije, ulozi lokalne samouprave u suzbijanju diskriminacije i promicanju jednakosti, govoru mr\u017enje me\u0111u mladima na internetu, ranjivim skupinama u zatvorskom sustavu i siroma\u0161tvu starijih osoba.<\/p>\n<p>Cijelo Izvje\u0161\u0107e pu\u010dke pravobraniteljice za 2019. prona\u0111ite <a href=\"https:\/\/www.ombudsman.hr\/hr\/download\/izvjesce-pucke-pravobraniteljice-za-2019-godinu\/?wpdmdl=7580&#038;refresh=5f620f6fc54ae1600261999\">ovdje.<\/a><\/p>\n","protected":false},"excerpt":{"rendered":"<p>Zna\u010dajan dio rada pu\u010dkog pravobranitelja odnosi se i na promociju ljudskih prava i jednakosti te podizanje svijesti o njihovu zna\u010daju za svakodnevni \u017eivot gra\u0111ana, pri \u010demu su odnosi s javno\u0161\u0107u iznimno va\u017ean alat, a uklju\u010duju suradnju s medijima, informiranje putem slu\u017ebene stranice www.ombudsman.hr, dru\u0161tvenih mre\u017ea i newslettera te organiziranje tematskih doga\u0111aja. Najvi\u0161e interesa medija i [&hellip;]<\/p>\n","protected":false},"author":7,"featured_media":8349,"comment_status":"closed","ping_status":"closed","sticky":false,"template":"","format":"standard","meta":{"footnotes":""},"categories":[1750],"tags":[398,1906,1885,1940,1288],"class_list":["post-8199","post","type-post","status-publish","format-standard","has-post-thumbnail","hentry","category-izvjesce-za-2019","tag-mediji","tag-drustvene-mreze","tag-izvjesce2019","tag-promocija","tag-zastita-i-promocija-ljudskih-prava"],"_links":{"self":[{"href":"https:\/\/www.ombudsman.hr\/hr\/wp-json\/wp\/v2\/posts\/8199","targetHints":{"allow":["GET"]}}],"collection":[{"href":"https:\/\/www.ombudsman.hr\/hr\/wp-json\/wp\/v2\/posts"}],"about":[{"href":"https:\/\/www.ombudsman.hr\/hr\/wp-json\/wp\/v2\/types\/post"}],"author":[{"embeddable":true,"href":"https:\/\/www.ombudsman.hr\/hr\/wp-json\/wp\/v2\/users\/7"}],"replies":[{"embeddable":true,"href":"https:\/\/www.ombudsman.hr\/hr\/wp-json\/wp\/v2\/comments?post=8199"}],"version-history":[{"count":5,"href":"https:\/\/www.ombudsman.hr\/hr\/wp-json\/wp\/v2\/posts\/8199\/revisions"}],"predecessor-version":[{"id":8982,"href":"https:\/\/www.ombudsman.hr\/hr\/wp-json\/wp\/v2\/posts\/8199\/revisions\/8982"}],"wp:featuredmedia":[{"embeddable":true,"href":"https:\/\/www.ombudsman.hr\/hr\/wp-json\/wp\/v2\/media\/8349"}],"wp:attachment":[{"href":"https:\/\/www.ombudsman.hr\/hr\/wp-json\/wp\/v2\/media?parent=8199"}],"wp:term":[{"taxonomy":"category","embeddable":true,"href":"https:\/\/www.ombudsman.hr\/hr\/wp-json\/wp\/v2\/categories?post=8199"},{"taxonomy":"post_tag","embeddable":true,"href":"https:\/\/www.ombudsman.hr\/hr\/wp-json\/wp\/v2\/tags?post=8199"}],"curies":[{"name":"wp","href":"https:\/\/api.w.org\/{rel}","templated":true}]}}