{"id":811,"date":"2014-10-21T06:42:44","date_gmt":"2014-10-21T06:42:44","guid":{"rendered":"http:\/\/site.ombudsman.hr\/?p=811"},"modified":"2020-05-06T12:28:31","modified_gmt":"2020-05-06T10:28:31","slug":"okrugli-stol-o-siromastvu-i-starijim-osobama","status":"publish","type":"post","link":"https:\/\/www.ombudsman.hr\/hr\/okrugli-stol-o-siromastvu-i-starijim-osobama\/","title":{"rendered":"Okrugli stol o siroma\u0161tvu i starijim osobama"},"content":{"rendered":"<p style=\"text-align: justify;\">S ciljem obilje\u017eavanja Me\u0111unarodnog dana starijih osoba, Me\u0111unarodnog dana borbe protiv siroma\u0161tva i Svjetskog dana besku\u0107nika, Pu\u010dka je pravobraniteljica organizirala okrugli stol o siroma\u0161tvu i starijim osobama koji je odr\u017ean 17. listopada 2014. u Domu za starije i nemo\u0107ne osobe Medve\u0161\u0107ak.<\/p>\n<p style=\"text-align: justify;\">Uz uvodna obra\u0107anja pu\u010dke pravobraniteljice Lore Vidovi\u0107, predsjednika saborskog Odbora za rad, mirovinski sustav i socijalno partnerstvo Silvana Hrelje te ravnateljice Doma Medve\u0161\u0107ak Krasanke Glamuzina, izlaganja su odr\u017eali Mile Mrvalj \u2013 biv\u0161i besku\u0107nik, Marija Lovrekovi\u0107 \u2013 voditeljica Slu\u017ebe za stare i nemo\u0107ne osobe, osobe s problemima ovisnosti i azilante Ministarstva socijalne politike i mladih, Lidija Hrsti\u0107 Novak \u2013 savjetnica ministra rada i mirovinskog sustava, Ana \u0160tambuk \u2013 predstojnica Katedre za\u00a0 socijalnu gerontologiju Pravnog fakulteta u Zagrebu, Drago Lelas \u2013 dopredsjednik udruge Most i Jasna Petrovi\u0107 \u2013 predsjednica udruge Sindikat umirovljenika Hrvatske.<\/p>\n<p style=\"text-align: justify;\">Pu\u010dka pravobraniteljica istaknula je kako je stopa rizika od siroma\u0161tva za umirovljenike 2012. godine u RH iznosila 21,8%. Iako je 10% hrvatskih gra\u0111ana starijih od 60 godina bez mirovinskog primanja, dr\u017eavna potpora za starije osobe bez mirovine jo\u0161 uvijek nije uvedena. S druge strane, iznosi socijalnih primanja ne mogu osigurati zadovoljenje minimuma \u017eivotnih potreba. Niti problem besku\u0107nika u RH nije dostatno istra\u017een niti je uhodan sustav podr\u0161ke i brige o njima. I socijalna sigurnost starijih osoba je istaknuta kao podru\u010dje u kojem je potrebno ulo\u017eiti dodatne napore.<\/p>\n<p><!--more--><\/p>\n<p style=\"text-align: justify;\">Uz poimanje siroma\u0161tva kao dru\u0161tvenog stanja koje dovodi do isklju\u010divanja \u010dovjeka iz dru\u0161tvenih aktivnosti, predstavljene su dostupne usluge sustava socijalne skrbi usmjerene na brigu o osobama starije \u017eivotne dobi. Uz zakonski okvir, prezentirane su i aktivnosti jedinica lokalne i podru\u010dne (regionalne) samouprave koje se odnose na za\u0161titu i skrb o osobama starije \u017eivotne dobi odnosno najsiroma\u0161nije osobe. Iako su vidljivi brojni pomaci, velike su razlike izme\u0111u pojedinih dijelova Republike Hrvatske. Pa tako pojedini gradovi i op\u0107ine, unato\u010d postojanja potrebe, nemaju prihvatili\u0161te odnosno preno\u0107i\u0161te za besku\u0107nike. Podru\u010dje socijalnog stanovanja najranjivijih skupina gra\u0111ana jo\u0161 uvijek nije regulirano. Zabrinjavaju\u0107e je kako je svaki 5. korisnik usluga prihvatili\u0161ta stariji od 60 godina.<\/p>\n<p style=\"text-align: justify;\">Prezentirani su i problemi vezano uz mirovinski sustav za \u010dije su funkcioniranje doprinosi nedostatni. Stoga je prezentirana ideja rje\u0161avanja problema rastu\u0107eg siroma\u0161tva osoba starije \u017eivotne dobi i predlo\u017eeno njihovo ponovo uklju\u010divanje u sustav rada. Profesionalna rehabilitacija istaknuta je kao sustav koji bi mogao pobolj\u0161ati materijalnu situaciju osoba starije \u017eivotne dobi \u010dija je radna sposobnost umanjena.<\/p>\n<p style=\"text-align: justify;\">Razgovaralo se i o problemu, uvjetno re\u010deno, \u201eka\u017enjavanja\u201c korisnika socijalne pomo\u0107i kojima se u slu\u010daju nekog nov\u010danog primitka iz drugih izvora pomo\u0107 ukida. Time su, istaknuto je, korisnici socijalne pomo\u0107i stavljeni u neravnopravni polo\u017eaj u odnosu na druge gra\u0111ane, jer ne mogu primiti niti dar bez da im se zbog toga ukinu odre\u0111ena prava.<\/p>\n<p style=\"text-align: justify;\">Kao izuzetno zna\u010dajan istaknut je i anga\u017eman organizacija civilnog dru\u0161tva. Pri tome podjednako va\u017enu ulogu imaju organizacije koje skrbe o osobama starije \u017eivotne dobi kao i organizacije koje ih okupljaju u cilju za\u0161tite njihovih interesa. Upravo takve udruge anga\u017eirane su oko rje\u0161avanja problema ekonomskog zlostavljanja osoba starije \u017eivotne dobi kroz ugovore o dosmrtnom uzdr\u017eavanju, uspostave pravne regulative za za\u0161titu osoba starije \u017eivotne dobi od svih oblika zlostavljanja te rje\u0161avanja drugih problema s kojima se osobe starije \u017eivotne dobi susre\u0107u u svakodnevnom \u017eivotu.<\/p>\n<p style=\"text-align: justify;\">Prikupljanje i obrada podataka, koji trenutno i ne postoje, jedina su mogu\u0107a baza za rad na \u00a0unaprje\u0111enju sustava skrbi o osobama starije \u017eivotne dobi. Pri tome treba sagledati \u0161iru sliku te voditi ra\u010duna o implementaciji ve\u0107 postoje\u0107ih propisa i njihovom unaprje\u0111enju.<\/p>\n<p style=\"text-align: justify;\">Zaklju\u010dno je istaknuto kako ekonomska kriza ne smije utjecati na kvalitetu skrbi o vulnerabilnim skupinama, pa tako niti na skrb o osobama starije \u017eivotne dobi. Suradnja s drugim dionicima treba se i dalje razvijati, no ne smije ostati \u201ezamjena\u201c za nerije\u0161ena pitanja unutar formalnog sustava skrbi. Pitanje informiranja starijih osoba o njihovim pravima, koje je vi\u0161e puta istaknuto nedostatnim, kao i statistika, treba biti sustavno vo\u0111ena. Pu\u010dka je pravobraniteljica podr\u017eala inicijativu SUH-a za ukidanje dosmrtnog uzdr\u017eavanja, te je pozvala sve sudionike da joj se obrate i u drugim situacijama kada njen anga\u017eman mo\u017ee doprinijeti primjerenijoj razini dru\u0161tvene skrbi o starima i nemo\u0107nima. Kona\u010dno, raspravljena pitanja i uo\u010deni problemi bit \u0107e sastavni dio izvje\u0161\u0107a koje pu\u010dka pravobraniteljica podnosi Hrvatskome saboru.<\/p>\n","protected":false},"excerpt":{"rendered":"<p>S ciljem obilje\u017eavanja Me\u0111unarodnog dana starijih osoba, Me\u0111unarodnog dana borbe protiv siroma\u0161tva i Svjetskog dana besku\u0107nika, Pu\u010dka je pravobraniteljica organizirala okrugli stol o siroma\u0161tvu i starijim osobama koji je odr\u017ean 17. listopada 2014. u Domu za starije i nemo\u0107ne osobe Medve\u0161\u0107ak. Uz uvodna obra\u0107anja pu\u010dke pravobraniteljice Lore Vidovi\u0107, predsjednika saborskog Odbora za rad, mirovinski sustav [&hellip;]<\/p>\n","protected":false},"author":1,"featured_media":810,"comment_status":"open","ping_status":"open","sticky":false,"template":"","format":"standard","meta":{"footnotes":""},"categories":[2090],"tags":[582,607,657,1288],"class_list":["post-811","post","type-post","status-publish","format-standard","has-post-thumbnail","hentry","category-novosti","tag-siromastvo","tag-starije-osobe","tag-umirovljenici","tag-zastita-i-promocija-ljudskih-prava"],"_links":{"self":[{"href":"https:\/\/www.ombudsman.hr\/hr\/wp-json\/wp\/v2\/posts\/811","targetHints":{"allow":["GET"]}}],"collection":[{"href":"https:\/\/www.ombudsman.hr\/hr\/wp-json\/wp\/v2\/posts"}],"about":[{"href":"https:\/\/www.ombudsman.hr\/hr\/wp-json\/wp\/v2\/types\/post"}],"author":[{"embeddable":true,"href":"https:\/\/www.ombudsman.hr\/hr\/wp-json\/wp\/v2\/users\/1"}],"replies":[{"embeddable":true,"href":"https:\/\/www.ombudsman.hr\/hr\/wp-json\/wp\/v2\/comments?post=811"}],"version-history":[{"count":2,"href":"https:\/\/www.ombudsman.hr\/hr\/wp-json\/wp\/v2\/posts\/811\/revisions"}],"predecessor-version":[{"id":6272,"href":"https:\/\/www.ombudsman.hr\/hr\/wp-json\/wp\/v2\/posts\/811\/revisions\/6272"}],"wp:featuredmedia":[{"embeddable":true,"href":"https:\/\/www.ombudsman.hr\/hr\/wp-json\/wp\/v2\/media\/810"}],"wp:attachment":[{"href":"https:\/\/www.ombudsman.hr\/hr\/wp-json\/wp\/v2\/media?parent=811"}],"wp:term":[{"taxonomy":"category","embeddable":true,"href":"https:\/\/www.ombudsman.hr\/hr\/wp-json\/wp\/v2\/categories?post=811"},{"taxonomy":"post_tag","embeddable":true,"href":"https:\/\/www.ombudsman.hr\/hr\/wp-json\/wp\/v2\/tags?post=811"}],"curies":[{"name":"wp","href":"https:\/\/api.w.org\/{rel}","templated":true}]}}