{"id":808,"date":"2014-10-14T15:28:42","date_gmt":"2014-10-14T15:28:42","guid":{"rendered":"http:\/\/site.ombudsman.hr\/?p=808"},"modified":"2019-05-22T13:25:31","modified_gmt":"2019-05-22T13:25:31","slug":"predstavnica-npm-a-sudjelovala-je-na-radionici-o-jacanju-ucinkovite-provedbe-i-nadzora-provedbe-follow-up-preporuka-protiv-mucenja","status":"publish","type":"post","link":"https:\/\/www.ombudsman.hr\/hr\/predstavnica-npm-a-sudjelovala-je-na-radionici-o-jacanju-ucinkovite-provedbe-i-nadzora-provedbe-follow-up-preporuka-protiv-mucenja\/","title":{"rendered":"Predstavnica NPM-a sudjelovala je na radionici o ja\u010danju u\u010dinkovite provedbe i nadzora provedbe (follow-up) preporuka protiv mu\u010denja"},"content":{"rendered":"<p style=\"text-align: justify;\">6. i 7. listopada 2014. predstavnica NPM-a sudjelovala je na radionici u Be\u010du, o ja\u010danju u\u010dinkovite provedbe i \u00a0follow up preporuka\u201c protiv mu\u010denja, danih od strane ovla\u0161tenih tijela (NPM-ovi, CPT, SPT). Radionica je organizirana kao dio projekta \u010diji su nositelji Ludwig Boltzmann Institut u Be\u010du i Centar za implementaciju ljudskih prava pri Sveu\u010dili\u0161tu u Bristolu.<\/p>\n<p style=\"text-align: justify;\">Na radionici su sudjelovali predstavnici NPM-ova jugoisto\u010dne i srednje Europe, predstavnici CPT-a, SPT-a, APT-a, Europske komisije te Agencije Europske Unije za temeljna prava.<\/p>\n<p><!--more--><\/p>\n<p style=\"text-align: justify;\">Na radionici se raspravljalo o procesu i metodologiji \u201efollow up\u201c preporuka u okviru nadle\u017enosti NPM-ova, primjeri dobre prakse te izazovi s kojima se susre\u0107u NPM-ovi prilikom osiguravanja provo\u0111enja u\u010dinkovite provedbe \u00a0danih preporuka nakon provedenog obilaska odre\u0111ene institucije. Radionica je tako\u0111er uspostavila platformu za razmjenu iskustava izme\u0111u sudionika i za ja\u010danje me\u0111usobne suradnje. Poseban naglasak stavljen je na mogu\u0107e zakonodavne aktivnosti u podru\u010dju za\u0161tite od mu\u010denja na razini Europske Unije.<\/p>\n<p style=\"text-align: justify;\">Nakon \u0161to se analiziraju iskustva i NPM-ova Sjeverne Europe, tijekom 2015. godine odr\u017eat \u0107e se konferencija na kojoj \u0107e sudjelovati svi NPM-ovi Europske Unije. Na ovoj konferenciji \u0107e se predstaviti studija u kojoj \u0107e biti izneseni zaklju\u010dci analize i primjeri najbolje prakse vezano za u\u010dinkovitu provedbu NPM-ovih preporuka protiv mu\u010denja.<\/p>\n","protected":false},"excerpt":{"rendered":"<p>6. i 7. listopada 2014. predstavnica NPM-a sudjelovala je na radionici u Be\u010du, o ja\u010danju u\u010dinkovite provedbe i \u00a0follow up preporuka\u201c protiv mu\u010denja, danih od strane ovla\u0161tenih tijela (NPM-ovi, CPT, SPT). Radionica je organizirana kao dio projekta \u010diji su nositelji Ludwig Boltzmann Institut u Be\u010du i Centar za implementaciju ljudskih prava pri Sveu\u010dili\u0161tu u Bristolu. [&hellip;]<\/p>\n","protected":false},"author":1,"featured_media":0,"comment_status":"open","ping_status":"open","sticky":false,"template":"","format":"standard","meta":{"footnotes":""},"categories":[2090],"tags":[311,759,761,956,874,433,1013],"class_list":["post-808","post","type-post","status-publish","format-standard","hentry","category-novosti","tag-fra","tag-medunarodna-suradnja","tag-npm","tag-cpt","tag-eu","tag-nacionalni-preventivni-mehanizam-npm","tag-spt"],"_links":{"self":[{"href":"https:\/\/www.ombudsman.hr\/hr\/wp-json\/wp\/v2\/posts\/808","targetHints":{"allow":["GET"]}}],"collection":[{"href":"https:\/\/www.ombudsman.hr\/hr\/wp-json\/wp\/v2\/posts"}],"about":[{"href":"https:\/\/www.ombudsman.hr\/hr\/wp-json\/wp\/v2\/types\/post"}],"author":[{"embeddable":true,"href":"https:\/\/www.ombudsman.hr\/hr\/wp-json\/wp\/v2\/users\/1"}],"replies":[{"embeddable":true,"href":"https:\/\/www.ombudsman.hr\/hr\/wp-json\/wp\/v2\/comments?post=808"}],"version-history":[{"count":2,"href":"https:\/\/www.ombudsman.hr\/hr\/wp-json\/wp\/v2\/posts\/808\/revisions"}],"predecessor-version":[{"id":5565,"href":"https:\/\/www.ombudsman.hr\/hr\/wp-json\/wp\/v2\/posts\/808\/revisions\/5565"}],"wp:attachment":[{"href":"https:\/\/www.ombudsman.hr\/hr\/wp-json\/wp\/v2\/media?parent=808"}],"wp:term":[{"taxonomy":"category","embeddable":true,"href":"https:\/\/www.ombudsman.hr\/hr\/wp-json\/wp\/v2\/categories?post=808"},{"taxonomy":"post_tag","embeddable":true,"href":"https:\/\/www.ombudsman.hr\/hr\/wp-json\/wp\/v2\/tags?post=808"}],"curies":[{"name":"wp","href":"https:\/\/api.w.org\/{rel}","templated":true}]}}