{"id":8004,"date":"2020-04-27T15:58:01","date_gmt":"2020-04-27T13:58:01","guid":{"rendered":"https:\/\/www.ombudsman.hr\/hr\/?p=8004"},"modified":"2021-09-24T09:36:55","modified_gmt":"2021-09-24T07:36:55","slug":"potrebno-zastititi-i-osobe-pod-medunarodnom-zastitom-trazitelje-zastite-i-iregularne-migrante","status":"publish","type":"post","link":"https:\/\/www.ombudsman.hr\/hr\/potrebno-zastititi-i-osobe-pod-medunarodnom-zastitom-trazitelje-zastite-i-iregularne-migrante\/","title":{"rendered":"Osigurati podr\u0161ku i osobama pod me\u0111unarodnom za\u0161titom, onima koji su je zatra\u017eili i iregularnim migrantima"},"content":{"rendered":"<p>Ostanak u vlastitim domovima jedna je od naju\u010dinkovitijih mjera suzbijanja \u0161irenja epidemije koronavirusa, uz osobnu higijenu i odr\u017eavanje fizi\u010dke distance, stoga su tijekom ovog razdoblja u posebno te\u0161kom polo\u017eaju gra\u0111ani koji nemaju rije\u0161eno stambeno pitanje. Osim podstanara, na \u0161to smo <a href=\"https:\/\/www.ombudsman.hr\/hr\/zastititi-i-gradane-u-neizvjesnoj-stambenoj-situaciji-2\/\">ranije upozorili<\/a>, to se odnosi i na gra\u0111ane kojima je Hrvatska pru\u017eila me\u0111unarodnu za\u0161titu, a kojima je isteklo ili uskoro istje\u010de dvogodi\u0161nje pravo na smje\u0161taj. Neki od njih su ostali bez posla zbog mjera spre\u010davanja \u0161irenja epidemije poput obustave rada ugostiteljskih objekata, pa je pitanje kako \u0107e podmiriti tro\u0161kove stanovanja u trenutku kad je gotovo nemogu\u0107e prona\u0107i novi posao.<\/p>\n<p>Zato smo Vladin Ured za ljudska prava i prava nacionalnih manjina, koji je zadu\u017een za koordinaciju rada svih ministarstava, nevladinih organizacija i drugih tijela na uklju\u010divanju u dru\u0161tvo osoba pod me\u0111unarodnom za\u0161titom, pitali koje su mjere planirane ili ve\u0107 poduzete, kako bi im se osigurao smje\u0161taj.<\/p>\n<p>Tako\u0111er, svima koji jo\u0161 uvijek \u010dekaju odluku o zahtjevima za me\u0111unarodnom za\u0161titom, a koji su smje\u0161teni u prihvatili\u0161te za tra\u017eitelje, prvenstveno je potrebno osigurati neometan pristup zdravstvenoj za\u0161titi, uvjete za samoizolaciju u slu\u010daju da im ona bude izre\u010dena, kao i informacije vezane uz mjere suzbijanja epidemije, a djeci pristup obrazovanju. Adekvatnu zdravstvenu za\u0161titu, uvjete za samoizolaciju i po\u0161tivanje svih mjera spre\u010davanja \u0161irenja epidemije potrebno je osigurati i u prihvatnim centrima za strance, u kojima su smje\u0161teni iregularni migranti kojima je ograni\u010dena sloboda kretanja, zbog \u010dega su u posebno ranjivom polo\u017eaju.<\/p>\n<p>Za prihvatili\u0161ta i prihvatne centre nadle\u017eno je Ministarstvo unutarnjih poslova, od kojeg smo tra\u017eili informacije o mjerama za umanjivanje rizika \u0161irenja zaraze, uklju\u010duju\u0107i i pitanje za\u0161titne opreme za sve slu\u017ebenike koji su u neposrednom kontaktu s tra\u017eiteljima me\u0111unarodne za\u0161tite i iregularnim migrantima. Izvanredne situacije poput ove u kojoj se nalazimo, kao i one ranije, poput <a href=\"https:\/\/www.ombudsman.hr\/hr\/ljudska-prava-u-izvanrednim-situacijama-aktivnosti-pravobraniteljice-tijekom-pozara-i-poplav\/\">po\u017eara i poplava<\/a>,<a href=\"https:\/\/www.ombudsman.hr\/hr\/kakve-veze-ima-epidemija-koronavirusa-s-ljudskim-pravima\/\"> neodvojive su od ljudskih prava<\/a>, a vi\u0161e o na\u0161im aktivnostima njihovoj za\u0161titi tijekom epidemije koronavirusa mo\u017eete doznati <a href=\"https:\/\/www.ombudsman.hr\/hr\/category\/koronavirus\/\">ovdje<\/a>.<\/p>\n","protected":false},"excerpt":{"rendered":"<p>Ostanak u vlastitim domovima jedna je od naju\u010dinkovitijih mjera suzbijanja \u0161irenja epidemije koronavirusa, uz osobnu higijenu i odr\u017eavanje fizi\u010dke distance, stoga su tijekom ovog razdoblja u posebno te\u0161kom polo\u017eaju gra\u0111ani koji nemaju rije\u0161eno stambeno pitanje. Osim podstanara, na \u0161to smo ranije upozorili, to se odnosi i na gra\u0111ane kojima je Hrvatska pru\u017eila me\u0111unarodnu za\u0161titu, a [&hellip;]<\/p>\n","protected":false},"author":7,"featured_media":8009,"comment_status":"closed","ping_status":"closed","sticky":false,"template":"","format":"standard","meta":{"footnotes":""},"categories":[2090,1706],"tags":[1679,1744,433],"class_list":["post-8004","post","type-post","status-publish","format-standard","has-post-thumbnail","hentry","category-novosti","category-koronavirus","tag-covid-19","tag-koronavirus","tag-nacionalni-preventivni-mehanizam-npm"],"_links":{"self":[{"href":"https:\/\/www.ombudsman.hr\/hr\/wp-json\/wp\/v2\/posts\/8004","targetHints":{"allow":["GET"]}}],"collection":[{"href":"https:\/\/www.ombudsman.hr\/hr\/wp-json\/wp\/v2\/posts"}],"about":[{"href":"https:\/\/www.ombudsman.hr\/hr\/wp-json\/wp\/v2\/types\/post"}],"author":[{"embeddable":true,"href":"https:\/\/www.ombudsman.hr\/hr\/wp-json\/wp\/v2\/users\/7"}],"replies":[{"embeddable":true,"href":"https:\/\/www.ombudsman.hr\/hr\/wp-json\/wp\/v2\/comments?post=8004"}],"version-history":[{"count":5,"href":"https:\/\/www.ombudsman.hr\/hr\/wp-json\/wp\/v2\/posts\/8004\/revisions"}],"predecessor-version":[{"id":8202,"href":"https:\/\/www.ombudsman.hr\/hr\/wp-json\/wp\/v2\/posts\/8004\/revisions\/8202"}],"wp:featuredmedia":[{"embeddable":true,"href":"https:\/\/www.ombudsman.hr\/hr\/wp-json\/wp\/v2\/media\/8009"}],"wp:attachment":[{"href":"https:\/\/www.ombudsman.hr\/hr\/wp-json\/wp\/v2\/media?parent=8004"}],"wp:term":[{"taxonomy":"category","embeddable":true,"href":"https:\/\/www.ombudsman.hr\/hr\/wp-json\/wp\/v2\/categories?post=8004"},{"taxonomy":"post_tag","embeddable":true,"href":"https:\/\/www.ombudsman.hr\/hr\/wp-json\/wp\/v2\/tags?post=8004"}],"curies":[{"name":"wp","href":"https:\/\/api.w.org\/{rel}","templated":true}]}}