{"id":788,"date":"2014-09-18T08:54:47","date_gmt":"2014-09-18T07:54:47","guid":{"rendered":"http:\/\/site.ombudsman.hr\/?p=788"},"modified":"2019-07-24T11:27:52","modified_gmt":"2019-07-24T11:27:52","slug":"odrzana-opca-skupstina-europske-regije-medunarodnog-ombudsman-instituta-tallin-2014","status":"publish","type":"post","link":"https:\/\/www.ombudsman.hr\/hr\/odrzana-opca-skupstina-europske-regije-medunarodnog-ombudsman-instituta-tallin-2014\/","title":{"rendered":"Odr\u017eana Op\u0107a skup\u0161tina Europske regije Me\u0111unarodnog ombudsman instituta  (Tallinn 2014)"},"content":{"rendered":"<p style=\"text-align: justify;\">U Tallinnu se 17. rujna odr\u017eala Op\u0107a skup\u0161tina Europske regije Me\u0111unarodnog ombudsman instituta na kojoj sudjeluje pu\u010dka pravobraniteljica Lora Vidovi\u0107.<\/p>\n<p><!--more--><\/p>\n<p style=\"text-align: justify;\">Me\u0111unarodni ombudsman institut globalna je mre\u017ea institucija ombudsmana, a europska regija, sa preko 70 \u010dlanova, najbrojnija je me\u0111u njima. Na Op\u0107oj skup\u0161tini su predstavjene aktivnosti mre\u017ee u posljednje dvije godine, me\u0111u kojima se posebno isti\u010du suradnja s me\u0111unarodnim dionicima poput Svjetske banke, organizacija treninga \u010dini je cilj ja\u010danje kapaciteta u institucijama, provo\u0111enje specifi\u010dnih projekata kao i podr\u0161ka koju institucije mogu pru\u017eati jedne drugima, posebice u situacijama smanjenih prora\u010dunskih izdvajanja , ali i osobite krizne situacije u Ukrajini. Posebnu je zabrinutost izazvala najava dono\u0161enja EU direktive o alternativnom rje\u0161enju sukoba u podru\u010dju za\u0161tite potro\u0161a\u010da, koja se o\u010dekuje u prvoj polovici 2015, a koja mo\u017ee utjecati i na novo \u0161irenje mandata ombudsmana u zemljama EU. Izglasana su i nova Pravila kojima se, izme\u0111u ostalog, uvodi elektroni\u010dko glasovanje.<\/p>\n<p style=\"text-align: justify;\">Nakon zavr\u0161etka Op\u0107e skup\u0161tine, odr\u017eat \u0107e se dvodnevna Konferencija pod nazivom: Uloga ombudsmana u demokraciji, na kojoj \u0107e i pu\u010dka pravobraniteljica 19. rujna odr\u017eati izlaganje o utjecaju me\u0111unarodnih i europskih pravila, smjernica i standarda na rad ombudsmana, a posbno o tome kako me\u0111unarodni standardi utje\u010du na opseg djelovanja i na\u010din rada u Hrvatskoj .<\/p>\n","protected":false},"excerpt":{"rendered":"<p>U Tallinnu se 17. rujna odr\u017eala Op\u0107a skup\u0161tina Europske regije Me\u0111unarodnog ombudsman instituta na kojoj sudjeluje pu\u010dka pravobraniteljica Lora Vidovi\u0107.<\/p>\n","protected":false},"author":1,"featured_media":0,"comment_status":"open","ping_status":"open","sticky":false,"template":"","format":"standard","meta":{"footnotes":""},"categories":[2090],"tags":[347,759],"class_list":["post-788","post","type-post","status-publish","format-standard","hentry","category-novosti","tag-ioi","tag-medunarodna-suradnja"],"_links":{"self":[{"href":"https:\/\/www.ombudsman.hr\/hr\/wp-json\/wp\/v2\/posts\/788","targetHints":{"allow":["GET"]}}],"collection":[{"href":"https:\/\/www.ombudsman.hr\/hr\/wp-json\/wp\/v2\/posts"}],"about":[{"href":"https:\/\/www.ombudsman.hr\/hr\/wp-json\/wp\/v2\/types\/post"}],"author":[{"embeddable":true,"href":"https:\/\/www.ombudsman.hr\/hr\/wp-json\/wp\/v2\/users\/1"}],"replies":[{"embeddable":true,"href":"https:\/\/www.ombudsman.hr\/hr\/wp-json\/wp\/v2\/comments?post=788"}],"version-history":[{"count":2,"href":"https:\/\/www.ombudsman.hr\/hr\/wp-json\/wp\/v2\/posts\/788\/revisions"}],"predecessor-version":[{"id":5600,"href":"https:\/\/www.ombudsman.hr\/hr\/wp-json\/wp\/v2\/posts\/788\/revisions\/5600"}],"wp:attachment":[{"href":"https:\/\/www.ombudsman.hr\/hr\/wp-json\/wp\/v2\/media?parent=788"}],"wp:term":[{"taxonomy":"category","embeddable":true,"href":"https:\/\/www.ombudsman.hr\/hr\/wp-json\/wp\/v2\/categories?post=788"},{"taxonomy":"post_tag","embeddable":true,"href":"https:\/\/www.ombudsman.hr\/hr\/wp-json\/wp\/v2\/tags?post=788"}],"curies":[{"name":"wp","href":"https:\/\/api.w.org\/{rel}","templated":true}]}}