{"id":7740,"date":"2020-04-06T11:42:53","date_gmt":"2020-04-06T09:42:53","guid":{"rendered":"https:\/\/www.ombudsman.hr\/hr\/?p=7740"},"modified":"2021-09-24T10:03:17","modified_gmt":"2021-09-24T08:03:17","slug":"ljudska-prava-u-izvanrednim-situacijama-aktivnosti-pravobraniteljice-tijekom-pozara-i-poplav","status":"publish","type":"post","link":"https:\/\/www.ombudsman.hr\/hr\/ljudska-prava-u-izvanrednim-situacijama-aktivnosti-pravobraniteljice-tijekom-pozara-i-poplav\/","title":{"rendered":"Ljudska prava u izvanrednim situacijama \u2013 aktivnosti pravobraniteljice tijekom po\u017eara i poplava"},"content":{"rendered":"<p>Pu\u010dka pravobraniteljica Lora Vidovi\u0107 pozorno prati sve \u0161to se u Hrvatskoj poduzima kako bi se sprije\u010dilo \u0161irenje koronavirusa (COVID-19), to\u010dnije utjecaj donesenih mjera na ljudska prava. Ona su neodvojiva od ove epidemije, kao i svake druge izvanredne situacija sli\u010dnih razmjera, poput poplava, po\u017eara, potresa i drugih.<\/p>\n<p>Tako je tijekom velikog po\u017eara koji je 2017. zahvatio Split, pravobraniteljica javno upozoravala na njegov utjecaj na ljudska prava pogo\u0111enog stanovni\u0161tva i ukazivala na slabosti sustava civilne za\u0161tite, probleme u organizaciji sustava vatrogastva, neadekvatnog informiranja gra\u0111ana, nespremnih hidrantskih mre\u017ea i druge. Ujedno je u Izvje\u0161\u0107u pu\u010dke pravobraniteljice za 2017. uputila preporuke Vladi Republike Hrvatske i nadle\u017enim tijelima, kako bi se preveniralo, ali i u\u010dinkovitije odgovorilo na budu\u0107e velike po\u017eare.<\/p>\n<p>Tako\u0111er, nakon katastrofalnih poplava koje su 2014. pogodile Vukovarsko-srijemsku \u017eupaniju, pravobraniteljica je Hrvatskom saboru dostavila posebno izvje\u0161\u0107e, u kojem je dala niz preporuka za kvalitetniju pripremu sustava za eventualne budu\u0107e krizne situacije. Posebno izvje\u0161\u0107e pripremljeno je, izme\u0111u ostalog, na temelju pritu\u017ebi gra\u0111ana, terenskog rada na poplavljenim podru\u010djima i analize propisa, a iako se odnosilo na konkretnu situaciju i njene posljedice, dragocjeno je za sve druge krizne situacije koje mogu utjecati na razinu ostvarivanja ljudskih prava, poput prava na \u017eivot i zdravlje, pristup informacijama ili imovinska prava, kao i na o\u010duvanje prirode i okoli\u0161a. Tada upu\u0107ene preporuke odnosile su se na sustave za\u0161tite i spa\u0161avanja, socijalne skrbi i zdravstvene za\u0161tite, humanitarnu pomo\u0107, sanaciju i obnovu, informiranje i besplatnu pravnu pomo\u0107.<\/p>\n<p>Izvje\u0161\u0107e pu\u010dke pravobraniteljice o ljudskim pravima u kontekstu katastrofe uzrokovane poplavom u Vukovarsko-srijemskoj \u017eupaniji u 2014. mo\u017eete prona\u0107i <a href=\"https:\/\/www.ombudsman.hr\/wp-content\/uploads\/2020\/04\/izvjesce-pucke-pravobraniteljice-o-ljudskim-pravima-u-kontekstu-katastrofe-uzrokovane-poplavom-u-vukovarsko-srijemskoj-zupaniji_u-2014.-godini.pdf\">ovdje<\/a>, a analizu i ocjenu stanja ljudskih prava tijekom po\u017eara u Splitu, kao i s tim povezane preporuke, nalaze se <a href=\"https:\/\/www.ombudsman.hr\/wp-content\/uploads\/2020\/04\/izvjesce_pucke_pravobraniteljice_za_2017.pdf#page=190\">ovdje<\/a>.<\/p>\n<p>&nbsp;<\/p>\n<p>&nbsp;<\/p>\n","protected":false},"excerpt":{"rendered":"<p>Pu\u010dka pravobraniteljica Lora Vidovi\u0107 pozorno prati sve \u0161to se u Hrvatskoj poduzima kako bi se sprije\u010dilo \u0161irenje koronavirusa (COVID-19), to\u010dnije utjecaj donesenih mjera na ljudska prava. Ona su neodvojiva od ove epidemije, kao i svake druge izvanredne situacija sli\u010dnih razmjera, poput poplava, po\u017eara, potresa i drugih. Tako je tijekom velikog po\u017eara koji je 2017. zahvatio [&hellip;]<\/p>\n","protected":false},"author":7,"featured_media":7750,"comment_status":"closed","ping_status":"closed","sticky":false,"template":"","format":"standard","meta":{"footnotes":""},"categories":[2090,1706],"tags":[494,1679,1744,1048],"class_list":["post-7740","post","type-post","status-publish","format-standard","has-post-thumbnail","hentry","category-novosti","category-koronavirus","tag-poplave","tag-covid-19","tag-koronavirus","tag-pozari"],"_links":{"self":[{"href":"https:\/\/www.ombudsman.hr\/hr\/wp-json\/wp\/v2\/posts\/7740","targetHints":{"allow":["GET"]}}],"collection":[{"href":"https:\/\/www.ombudsman.hr\/hr\/wp-json\/wp\/v2\/posts"}],"about":[{"href":"https:\/\/www.ombudsman.hr\/hr\/wp-json\/wp\/v2\/types\/post"}],"author":[{"embeddable":true,"href":"https:\/\/www.ombudsman.hr\/hr\/wp-json\/wp\/v2\/users\/7"}],"replies":[{"embeddable":true,"href":"https:\/\/www.ombudsman.hr\/hr\/wp-json\/wp\/v2\/comments?post=7740"}],"version-history":[{"count":4,"href":"https:\/\/www.ombudsman.hr\/hr\/wp-json\/wp\/v2\/posts\/7740\/revisions"}],"predecessor-version":[{"id":7759,"href":"https:\/\/www.ombudsman.hr\/hr\/wp-json\/wp\/v2\/posts\/7740\/revisions\/7759"}],"wp:featuredmedia":[{"embeddable":true,"href":"https:\/\/www.ombudsman.hr\/hr\/wp-json\/wp\/v2\/media\/7750"}],"wp:attachment":[{"href":"https:\/\/www.ombudsman.hr\/hr\/wp-json\/wp\/v2\/media?parent=7740"}],"wp:term":[{"taxonomy":"category","embeddable":true,"href":"https:\/\/www.ombudsman.hr\/hr\/wp-json\/wp\/v2\/categories?post=7740"},{"taxonomy":"post_tag","embeddable":true,"href":"https:\/\/www.ombudsman.hr\/hr\/wp-json\/wp\/v2\/tags?post=7740"}],"curies":[{"name":"wp","href":"https:\/\/api.w.org\/{rel}","templated":true}]}}