{"id":7565,"date":"2020-04-02T11:48:26","date_gmt":"2020-04-02T09:48:26","guid":{"rendered":"https:\/\/www.ombudsman.hr\/hr\/?p=7565"},"modified":"2021-09-24T10:05:14","modified_gmt":"2021-09-24T08:05:14","slug":"zastititi-i-gradane-u-neizvjesnoj-stambenoj-situaciji-2","status":"publish","type":"post","link":"https:\/\/www.ombudsman.hr\/hr\/zastititi-i-gradane-u-neizvjesnoj-stambenoj-situaciji-2\/","title":{"rendered":"Ostani doma &#8211; kako, ako ostajete bez stana?"},"content":{"rendered":"<p>Velik broj gra\u0111ana se ovih dana, kao posljedica epidemije koronavirusa, suo\u010dava s gubitkom posla i neizvjesnom ekonomskom situacijom, a u Zagrebu su mnogi zbog <a href=\"https:\/\/www.ombudsman.hr\/hr\/otezan-rad-zbog-ostecenja-tijekom-potresa-u-zagrebu\/\">sna\u017enog potresa<\/a> ostali i bez krova nad glavom. To je jedan od najve\u0107ih problema s kojim se gra\u0111ani mogu susresti, posebno u trenutku kada su, uz osobnu higijenu, ostanak doma i izbjegavanje socijalnog kontakta naju\u010dinkovitiji <a href=\"https:\/\/www.koronavirus.hr\/sto-moram-znati\/o-prevenciji\/vazne-upute-kako-sprijeciti-zarazu-koronavirusom\/38\">na\u010dini sprje\u010davanja \u0161irenja zaraze<\/a>.<\/p>\n<p>Zato je nedopustiv potez najmodavca zbog kojeg su nam se obratili mediji, koji je nakon potresa svoje podstanare stavio pred izbor \u2013 ili ve\u0107a najamnina, ili ulica. Jedan je to od primjera zbog kojega bi Vlada, koja je <a href=\"https:\/\/www.ombudsman.hr\/hr\/epidemija-koronavirusa-odgovornost-nema-alternative\/\">brzo reagirala da bi za\u0161titila gospodarstvo<\/a>, svakako trebala reagirati i na probleme gra\u0111ana koji se u izvanrednim situacijama poput ove suo\u010davaju i s pote\u0161ko\u0107ama sa stanovanjem. Tako je mogu\u0107e, primjerice, zakonski regulirati ili ograni\u010diti rast najamnina i propisati po\u010dek u pla\u0107anju najma i sli\u010dno, kako bi se sprije\u010dile ozbiljne posljedice koje bi mogle nastupiti kada bi se u krizi poput epidemije ili potresa, velik broj osoba jednostavno na\u0161ao na ulici.<\/p>\n<p>Najmoprimce bi od potpune samovolje najmodavca trebao \u0161tititi ugovor jer se najamnina, kao ni trajanje najma, ne mogu mijenjati bez dogovora, a propisan je i otkazni rok. Kako je rije\u010d o privatnopravnom odnosu, pu\u010dka pravobraniteljica nema ovlasti postupati, ve\u0107 to mo\u017ee jedino sud pa bi se gra\u0111ani u ovakvoj situaciji trebali obratiti odvjetniku ili pru\u017eateljima besplatne pravne pomo\u0107i. Na\u017ealost, mnogi najmoprimci niti nemaju ugovore o najmu, zbog \u010dega su u jo\u0161 ranjivijem polo\u017eaju.<\/p>\n<p>Pravobraniteljica Lora Vidovi\u0107 godinama u izvje\u0161\u0107ima Hrvatskom saboru upozorava da Hrvatska nema ure\u0111eno tr\u017ei\u0161te najma, niti postoji adekvatna stambena strategija kojom bi se rje\u0161avale stambene potrebe gra\u0111ana, \u0161to bi se sada, na\u017ealost, moglo pokazati iznimno problemati\u010dno.<\/p>\n<p>Izvanredne okolnosti poput potresa i epidemije, koje ugro\u017eavaju zdravlje i \u017eivot velikog broja gra\u0111ana, nikako ne bi smjele biti povod za zaradu na tu\u0111oj nemo\u0107i. Upravo suprotno, u najte\u017eim trenucima svatko od nas mora preuzeti svoj dio odgovornosti kako bismo kao dru\u0161tvo \u0161to prije uspje\u0161no prebrodili sve izazove s kojima se susre\u0107emo.<\/p>\n","protected":false},"excerpt":{"rendered":"<p>Velik broj gra\u0111ana se ovih dana, kao posljedica epidemije koronavirusa, suo\u010dava s gubitkom posla i neizvjesnom ekonomskom situacijom, a u Zagrebu su mnogi zbog sna\u017enog potresa ostali i bez krova nad glavom. To je jedan od najve\u0107ih problema s kojim se gra\u0111ani mogu susresti, posebno u trenutku kada su, uz osobnu higijenu, ostanak doma i [&hellip;]<\/p>\n","protected":false},"author":7,"featured_media":7566,"comment_status":"closed","ping_status":"closed","sticky":false,"template":"","format":"standard","meta":{"footnotes":""},"categories":[2090,1706],"tags":[605,1970,1679,1678,1744,1288],"class_list":["post-7565","post","type-post","status-publish","format-standard","has-post-thumbnail","hentry","category-novosti","category-koronavirus","tag-stanovanje","tag-potresi","tag-covid-19","tag-epidemija","tag-koronavirus","tag-zastita-i-promocija-ljudskih-prava"],"_links":{"self":[{"href":"https:\/\/www.ombudsman.hr\/hr\/wp-json\/wp\/v2\/posts\/7565","targetHints":{"allow":["GET"]}}],"collection":[{"href":"https:\/\/www.ombudsman.hr\/hr\/wp-json\/wp\/v2\/posts"}],"about":[{"href":"https:\/\/www.ombudsman.hr\/hr\/wp-json\/wp\/v2\/types\/post"}],"author":[{"embeddable":true,"href":"https:\/\/www.ombudsman.hr\/hr\/wp-json\/wp\/v2\/users\/7"}],"replies":[{"embeddable":true,"href":"https:\/\/www.ombudsman.hr\/hr\/wp-json\/wp\/v2\/comments?post=7565"}],"version-history":[{"count":3,"href":"https:\/\/www.ombudsman.hr\/hr\/wp-json\/wp\/v2\/posts\/7565\/revisions"}],"predecessor-version":[{"id":7970,"href":"https:\/\/www.ombudsman.hr\/hr\/wp-json\/wp\/v2\/posts\/7565\/revisions\/7970"}],"wp:featuredmedia":[{"embeddable":true,"href":"https:\/\/www.ombudsman.hr\/hr\/wp-json\/wp\/v2\/media\/7566"}],"wp:attachment":[{"href":"https:\/\/www.ombudsman.hr\/hr\/wp-json\/wp\/v2\/media?parent=7565"}],"wp:term":[{"taxonomy":"category","embeddable":true,"href":"https:\/\/www.ombudsman.hr\/hr\/wp-json\/wp\/v2\/categories?post=7565"},{"taxonomy":"post_tag","embeddable":true,"href":"https:\/\/www.ombudsman.hr\/hr\/wp-json\/wp\/v2\/tags?post=7565"}],"curies":[{"name":"wp","href":"https:\/\/api.w.org\/{rel}","templated":true}]}}