{"id":744,"date":"2014-06-23T09:32:50","date_gmt":"2014-06-23T09:32:50","guid":{"rendered":"http:\/\/site.ombudsman.hr\/?p=744"},"modified":"2019-05-22T11:28:22","modified_gmt":"2019-05-22T11:28:22","slug":"strucni-skup-pravo-i-mediji-20-godina-hrvatskoga-pravnog-centra","status":"publish","type":"post","link":"https:\/\/www.ombudsman.hr\/hr\/strucni-skup-pravo-i-mediji-20-godina-hrvatskoga-pravnog-centra\/","title":{"rendered":"Stru\u010dni skup \u201ePravo i mediji\u201c \u2013 20 godina Hrvatskoga pravnog centra"},"content":{"rendered":"<p style=\"text-align: justify;\">U prostorijama Hrvatskog novinarskog doma odr\u017ean je, u utorak, 17. lipnja, stru\u010dni skup pod naslovom \u201ePravo i mediji\u201c u organizaciji HPC-a.<\/p>\n<p><!--more--><\/p>\n<p style=\"text-align: justify;\">Uvodno se skupu obratila Agata Ra\u010dan predsjednica HPC-a, koja je naglasila kako je skup organiziran kao proslava 20-godi\u0161njeg djelovanja HPC na nevladinoj sceni, te da \u0107e sredi\u0161nja tema biti polo\u017eaj medija koji imaju mo\u0107 utjecati na sve strukture dru\u0161tva kreiraju\u0107i javno mnijenje, i naglasila kako je ovo po\u010detak dublje analize pravnog okvira medija u Republici Hrvatskoj i po\u010detak javne rasprave o strategiji medija.<\/p>\n<p style=\"text-align: justify;\">O dugogodi\u0161njem radu i uspjesima govorila je Jasna Omejec, predsjednica Ustavnog suda RH. U svom govoru istaknula je jasnu viziju i ulogu HPC-a\u00a0 u razvoju pravnih i politi\u010dkih institucija u Hrvatskoj od samog osnutka do danas, te doprinos ubrzavanju procesa tranzicije politi\u010dke kulture podanika u politi\u010dku kulturu gra\u0111anina, prvenstveno kroz izgradnju civilnog dru\u0161tva. Pritom je istaknula da se u skladu s vrijednostima i svojom misijom HPC oduvijek zauzimao za za\u0161titu ljudskih prava, modernizaciju javne uprave, te pravnu edukaciju.<\/p>\n<p style=\"text-align: justify;\">Vesna Grubi\u0107 govorila je o tome kako i za\u0161to je nastao Hrvatski pravni centar, prisjetila se svih predsjednika i \u010dlanova koji su u me\u0111uvremenu preminuli, naglasiv\u0161i da je i dalje prioritet za\u0161tita ljudskih prava, a u ostvarivanju svoje misije HPC \u0107e i nadalje promicati i afirmirati vladavinu prava, politi\u010dku odgovornost nositelja javnih ovlasti, u\u010dinkovitost i djelotvornost javnog sektora, te sudjelovanje civilnog dru\u0161tva u dono\u0161enju svih relevantnih odluka za razvoj i budu\u0107nost Republike Hrvatske. U javnosti HPC ima prepoznatljivo mjesto udruge koja argumentima nezavisne i stru\u010dne kritike poti\u010de uspostavu i promicanje vladavine prava u Hrvatskoj, \u0161to omogu\u0107uje HPC-u da zadr\u017ei polo\u017eaj po\u017eeljnog partnera i vladinim i nevladinim organizacijama.<\/p>\n<p style=\"text-align: justify;\">O vladavini prava i javnim medijima govorio je Ivan Padjen, \u010dlan HPC-a koji je istaknuo problem nedovoljne javnosti prava te nedovoljne javnosti medija uslijed nedostatka utjecaja medija zbog prijenosa mo\u0107i s dr\u017eave na korporativni sektor. Javnim medijima i novinarima, po njegovom mi\u0161ljenju jo\u0161 ve\u0107a prijetnja od kapitala dolazi od novih medija, koji se izmi\u010du medijskom pravu, a sporove rje\u0161avaju me\u0111usobnim tehni\u010dkim onemogu\u0107avanjem. Vladavina prava, pravo na slobodu izra\u017eavanja i socijalna demokracija polazi\u0161ne su vrijednosti su s kojih se na adekvatan na\u010din prepoznaju i anticipiraju problemi te predla\u017eu alternativna rje\u0161enja.<\/p>\n<p style=\"text-align: justify;\">U nastavku skupa govorilo se o vladavini prava. Heidi Eterovi\u0107, stru\u010dna savjetnica HPC-a\u00a0\u00a0 osvrnula se na pitanje sudjelovanja javnosti u dono\u0161enju propisa. Mihajlo Dika govorio je o su\u0111enjima i javnosti naglasiv\u0161i da su\u0111enja moraju biti javna, \u0161to jam\u010di i Ustav, istaknuv\u0161i da podaci o tome tko,\u00a0 kako, kada i kome sudi, moraju biti ranije dostupni. Istovremeno se usprotivio praksi javnog lin\u010da osumnji\u010denih \u00a0putem medija, a o objavi i obrazlo\u017eenju akata javne uprave govorio je Dragan Medvedovi\u0107 koji je istaknuo problem pozakonskih akata i njihovog objavljivanja.<\/p>\n<p style=\"text-align: justify;\">U drugom dijelu skupa govorilo se medijskom pravu pa se na javnost vlasni\u0161tva medija osvrnula Agata Ra\u010dan koja je istaknula da je do podataka o vlasni\u010dkoj strukturi medija izuzetno te\u0161ko do\u0107i jer su podaci disperzirani po Internet stranicama. Tijekom svog istra\u017eivanja do\u0161la je do interesantnih podataka o tome tko su vlasnici medija ali i do podataka kako se vlasni\u0161tvo medija grana na nacionalnoj medijskoj sceni kada su u pitanju tradicionalni mediji.<\/p>\n<p style=\"text-align: justify;\">O ravnopravnom polo\u017eaju novinara govorila je Vesna Grubi\u0107 i tom su prilikom iznesena dva slu\u010daja novinarke i novinara koji su bili dugo godina zaposleni temeljem Ugovora o autorskom djelu bili upisani u registar poreznih obveznika i imali sve obveze iz radnoga odnosa, no nisu imali nikakva prava koja proisti\u010du iz Zakona o radu. Oboje su u jednom trenutku dobili \u201eotkaz\u201c i trenutno su oba slu\u010daja pred sudom.<\/p>\n<p style=\"text-align: justify;\">O pravu na pristup informacijama i polo\u017eaju Povjerenice za informiranje te o va\u017enosti prava za javnost govorio je Josip Kregar i istaknuo da je u Saboru prihva\u0107eno Izvje\u0161\u0107e povjerenice za informiranje, ali ne i zaklju\u010dak koji govori o apsolutno nedostatnim kapacitetima Ureda.<\/p>\n<p style=\"text-align: justify;\">O novim elektroni\u010dkim medijima i tehni\u010dkim izazovima pravnoj regulaciji Nenad Prelog, profesor Fakulteta politi\u010dkih znanosti Sveu\u010dili\u0161ta u Zagrebu. Pravno ure\u0111enje medija te problemi vidljivih i nevidljivih sadr\u017eaja, prikrivanje identiteta, nasilje nad i me\u0111u mla\u0111om populacijom, uvrede, klevete, kra\u0111a identiteta, povrede prava osobnosti i intelektualnog vlasni\u0161tva bili su predmet interesa Ivane Kunde, docentice Pravnog fakulteta u Rijeci, koja je kao na\u010dine rje\u0161avanja navedenih problema ponudila u dono\u0161enju i po\u0161tivanju ve\u0107 postoje\u0107ih zakona i podzakonskih akata te kroz samoregulaciju.<\/p>\n<p style=\"text-align: justify;\">O za\u0161titi privatnosti u novim elektroni\u010dkim medijima govorila je Darja Lon\u010dar Du\u0161anovi\u0107, povjerenica za za\u0161titu podataka Hrvatskog Telekoma koja se osvrnula i na presude Suda pravde.<\/p>\n<p style=\"text-align: justify;\">U tre\u0107em dijelu govorilo se o medijskim politikama pri \u010demu je Gvozden Flego naglasio kako su mediji posrednici jer bez javnosti nema demokracije, te o projektu Vije\u0107a Europe i o\u010duvanju slobode medija. Naime, u istra\u017eivanju zemalja \u010dlanica za period 2012. &#8211; 2013. uo\u010deno da u velikom broju zemalja postoji sloboda medija i sloboda izra\u017eavanja, no da se ona u praksi su\u017eava kroz ograni\u010davanje slobode novinara, posebice njihovih radni\u010dkih prava, pa u kona\u010dnici u pitanje dolazi i sama sloboda izra\u017eavanja. Prijetnje novinarima o\u010dituju se kroz unutarnju nesigurnost prijetnjama kroz prijetnje otkazima, neodgovaraju\u0107e uvjete rada, nerazumni nalozi zahtjevi poslodavaca, nedostupnost informacija, te vanjsku nesigurnost kada se novinarima i fizi\u010dki prijeti. Kako bi se ipak nekako razrije\u0161ili nagomilani problemi predla\u017ee se uvo\u0111enje osobne iskaznice vlasni\u0161tva medija \u0161to bi bila prekograni\u010dna obveza, no postavlja se pitanje mogu li <em>offshore<\/em> kompanije biti vlasnici medija.<\/p>\n<p style=\"text-align: justify;\">Skup je svojim izlaganjem zatvorio Zdenko Duka, predsjednik HND-a \u00a0s temom o privatnim medijima i javnim interesima, daju\u0107i primjer EU zemalja koje u ovoj te\u0161koj ekonomskoj krizi poma\u017eu na razli\u010dite na\u010dine, od smanjenja PDV-a na novine do dotacija kroz novinski papir, bez obzira na vlasni\u0161tvo medija.<\/p>\n","protected":false},"excerpt":{"rendered":"<p>U prostorijama Hrvatskog novinarskog doma odr\u017ean je, u utorak, 17. lipnja, stru\u010dni skup pod naslovom \u201ePravo i mediji\u201c u organizaciji HPC-a.<\/p>\n","protected":false},"author":1,"featured_media":0,"comment_status":"open","ping_status":"open","sticky":false,"template":"","format":"standard","meta":{"footnotes":""},"categories":[2090],"tags":[1095,1288],"class_list":["post-744","post","type-post","status-publish","format-standard","hentry","category-novosti","tag-organizacije-civilnog-drustva","tag-zastita-i-promocija-ljudskih-prava"],"_links":{"self":[{"href":"https:\/\/www.ombudsman.hr\/hr\/wp-json\/wp\/v2\/posts\/744","targetHints":{"allow":["GET"]}}],"collection":[{"href":"https:\/\/www.ombudsman.hr\/hr\/wp-json\/wp\/v2\/posts"}],"about":[{"href":"https:\/\/www.ombudsman.hr\/hr\/wp-json\/wp\/v2\/types\/post"}],"author":[{"embeddable":true,"href":"https:\/\/www.ombudsman.hr\/hr\/wp-json\/wp\/v2\/users\/1"}],"replies":[{"embeddable":true,"href":"https:\/\/www.ombudsman.hr\/hr\/wp-json\/wp\/v2\/comments?post=744"}],"version-history":[{"count":2,"href":"https:\/\/www.ombudsman.hr\/hr\/wp-json\/wp\/v2\/posts\/744\/revisions"}],"predecessor-version":[{"id":5644,"href":"https:\/\/www.ombudsman.hr\/hr\/wp-json\/wp\/v2\/posts\/744\/revisions\/5644"}],"wp:attachment":[{"href":"https:\/\/www.ombudsman.hr\/hr\/wp-json\/wp\/v2\/media?parent=744"}],"wp:term":[{"taxonomy":"category","embeddable":true,"href":"https:\/\/www.ombudsman.hr\/hr\/wp-json\/wp\/v2\/categories?post=744"},{"taxonomy":"post_tag","embeddable":true,"href":"https:\/\/www.ombudsman.hr\/hr\/wp-json\/wp\/v2\/tags?post=744"}],"curies":[{"name":"wp","href":"https:\/\/api.w.org\/{rel}","templated":true}]}}