{"id":7339,"date":"2020-02-26T15:03:20","date_gmt":"2020-02-26T13:03:20","guid":{"rendered":"https:\/\/www.ombudsman.hr\/hr\/?p=7339"},"modified":"2021-04-12T15:56:44","modified_gmt":"2021-04-12T13:56:44","slug":"pravobraniteljica-vidovic-u-finalu-izbora-za-komunikatora-godine","status":"publish","type":"post","link":"https:\/\/www.ombudsman.hr\/hr\/pravobraniteljica-vidovic-u-finalu-izbora-za-komunikatora-godine\/","title":{"rendered":"Pravobraniteljica Vidovi\u0107 u finalu izbora za Komunikatora godine"},"content":{"rendered":"<p>Pu\u010dka pravobraniteljica Lora Vidovi\u0107 jedna je od \u010detiri finalista za Komunikatora godine, tradicionalnu nagradu koju svake godine dodjeljuje Hrvatska udruga za odnose s javno\u0161\u0107u (HUOJ), osobi ili skupini koja se, iako joj to nije struka, istaknula izvrsno\u0161\u0107u u javnoj komunikaciji.<\/p>\n<p>Ocjenjiva\u010dki sud Grand PRixa HUOJ-a u svom obrazlo\u017eenju istaknuo je pravobraniteljicu kao dobar primjer kako se kvalitetnom komunikacijom doprinosi pozitivnim dru\u0161tvenim promjenama. Naveli su i kako kroz razli\u010dite komunikacijske kanale skre\u0107e pozornost javnosti na nepravilnosti u radu vlasti i dr\u017eavnih tijela, uz pozivanje na po\u0161tivanje i primjenu Ustava i zakona Republike Hrvatske.<\/p>\n<p>\u201eJednostavnim i jasnim izra\u017eavanjem, slu\u0161anjem, podr\u0161kom i pribli\u017eavanjem ljudima, pu\u010dka pravobraniteljica u\u017eiva povjerenje javnosti \u0161to je vidljivo iz gotovo svakog njezinog javnog istupa. Svojim preporukama, mi\u0161ljenjima, prijedlozima i upozorenjima dr\u017eavnim tijelima, tijelima jedinica lokalne i podru\u010dne samouprave te pravnim osobama s javnim ovlastima utje\u010de na javno mi\u0161ljenje, promjenu percepcije te gra\u0111ane ohrabruje na suprotstavljanje nepravilnostima u dru\u0161tvu\u201c, stoji u obrazlo\u017eenju \u017eirija Grand PRixa HUOJ-a kojim ove godine predsjeda Damir Jugo.<\/p>\n<p>Sama pravobraniteljica navodi kako uvijek nastoji biti konstruktivna, jasna i iskrena, a o problemima gra\u0111ana govoriti argumentirano, koriste\u0107i \u017eivotne primjere i iskustvo s terena.<\/p>\n<p>\u201eToga se dr\u017eim bez obzira govorim li u Hrvatskom saboru ili pred europskim institucijama, s gra\u0111anima ili novinarima. Kad sam prije sedam godina postala pravobraniteljicom, bilo mi je va\u017eno instituciju pribli\u017eiti gra\u0111anima, a za to je trebalo izbjegavati pravnu terminologiju i https:\/\/stagesite.ombudsman.hr\/wp-content\/uploads\/2019\/10\/post-10.pngistrativni stil te \u201eprevoditi\u201c ih na svakodnevni jezik \u0161to nije jednostavno kad istodobno \u017eelite ostati uvjerljivi i stru\u010dni. Otvoreni pristup i komunikacija iznimno su va\u017eni kako bi se ohrabrilo i gra\u0111ane na prijavljivanje problema te u zagovaranju rje\u0161enja koja mogu dovesti do pozitivnih promjena\u201c, rekla je pravobraniteljica Vidovi\u0107. Istaknula je i kako je iznimno va\u017eno govoriti istinu i ne podilaziti nikome, iako je takav na\u010din komunikacije u doba populizma mnogima izazov.<\/p>\n<p>Od \u010detiri osobe u zavr\u0161nici izbora za Komunikatora 2019. godine, \u017eiri HUOJ-a do sada je otkrio dva imena, a uz pravobraniteljicu Vidovi\u0107 finalist je i Vuk Vukovi\u0107. HUOJ \u0107e nagradu dodijeliti na sve\u010danosti 16. o\u017eujka, kada \u0107e biti nagra\u0111eni i najbolji komunikacijski projekti iz pro\u0161le godine te dodijeljen Grand PRix za doprinos struci.<\/p>\n<p><img fetchpriority=\"high\" decoding=\"async\" class=\"alignnone wp-image-7340 size-medium\" src=\"https:\/\/www.ombudsman.hr\/wp-content\/uploads\/2020\/02\/34819905885_d1f900fb0e_k-300x200.jpg\" alt=\"\" width=\"300\" height=\"200\" srcset=\"https:\/\/www.ombudsman.hr\/wp-content\/uploads\/2020\/02\/34819905885_d1f900fb0e_k-300x200.jpg 300w, https:\/\/www.ombudsman.hr\/wp-content\/uploads\/2020\/02\/34819905885_d1f900fb0e_k-1024x684.jpg 1024w, https:\/\/www.ombudsman.hr\/wp-content\/uploads\/2020\/02\/34819905885_d1f900fb0e_k-768x513.jpg 768w, https:\/\/www.ombudsman.hr\/wp-content\/uploads\/2020\/02\/34819905885_d1f900fb0e_k-1536x1025.jpg 1536w, https:\/\/www.ombudsman.hr\/wp-content\/uploads\/2020\/02\/34819905885_d1f900fb0e_k-585x390.jpg 585w, https:\/\/www.ombudsman.hr\/wp-content\/uploads\/2020\/02\/34819905885_d1f900fb0e_k.jpg 2048w\" sizes=\"(max-width: 300px) 100vw, 300px\" \/><\/p>\n<p><img decoding=\"async\" class=\"alignnone size-medium wp-image-7342\" src=\"https:\/\/www.ombudsman.hr\/wp-content\/uploads\/2020\/02\/Foto-2-300x225.jpg\" alt=\"\" width=\"300\" height=\"225\" srcset=\"https:\/\/www.ombudsman.hr\/wp-content\/uploads\/2020\/02\/Foto-2-300x225.jpg 300w, https:\/\/www.ombudsman.hr\/wp-content\/uploads\/2020\/02\/Foto-2-1024x768.jpg 1024w, https:\/\/www.ombudsman.hr\/wp-content\/uploads\/2020\/02\/Foto-2-768x576.jpg 768w, https:\/\/www.ombudsman.hr\/wp-content\/uploads\/2020\/02\/Foto-2-1536x1152.jpg 1536w, https:\/\/www.ombudsman.hr\/wp-content\/uploads\/2020\/02\/Foto-2-585x439.jpg 585w, https:\/\/www.ombudsman.hr\/wp-content\/uploads\/2020\/02\/Foto-2.jpg 1632w\" sizes=\"(max-width: 300px) 100vw, 300px\" \/><\/p>\n<p><img decoding=\"async\" class=\"alignnone size-medium wp-image-7343\" src=\"https:\/\/www.ombudsman.hr\/wp-content\/uploads\/2020\/02\/Foto-4-300x200.jpg\" alt=\"\" width=\"300\" height=\"200\" srcset=\"https:\/\/www.ombudsman.hr\/wp-content\/uploads\/2020\/02\/Foto-4-300x200.jpg 300w, https:\/\/www.ombudsman.hr\/wp-content\/uploads\/2020\/02\/Foto-4-1024x683.jpg 1024w, https:\/\/www.ombudsman.hr\/wp-content\/uploads\/2020\/02\/Foto-4-768x512.jpg 768w, https:\/\/www.ombudsman.hr\/wp-content\/uploads\/2020\/02\/Foto-4-1536x1024.jpg 1536w, https:\/\/www.ombudsman.hr\/wp-content\/uploads\/2020\/02\/Foto-4-585x390.jpg 585w, https:\/\/www.ombudsman.hr\/wp-content\/uploads\/2020\/02\/Foto-4.jpg 1800w\" sizes=\"(max-width: 300px) 100vw, 300px\" \/><\/p>\n<p><img loading=\"lazy\" decoding=\"async\" class=\"alignnone size-medium wp-image-7344\" src=\"https:\/\/www.ombudsman.hr\/wp-content\/uploads\/2020\/02\/Foto-3-300x169.jpg\" alt=\"\" width=\"300\" height=\"169\" srcset=\"https:\/\/www.ombudsman.hr\/wp-content\/uploads\/2020\/02\/Foto-3-300x169.jpg 300w, https:\/\/www.ombudsman.hr\/wp-content\/uploads\/2020\/02\/Foto-3-1024x576.jpg 1024w, https:\/\/www.ombudsman.hr\/wp-content\/uploads\/2020\/02\/Foto-3-768x432.jpg 768w, https:\/\/www.ombudsman.hr\/wp-content\/uploads\/2020\/02\/Foto-3-1536x864.jpg 1536w, https:\/\/www.ombudsman.hr\/wp-content\/uploads\/2020\/02\/Foto-3-1200x675.jpg 1200w, https:\/\/www.ombudsman.hr\/wp-content\/uploads\/2020\/02\/Foto-3-585x329.jpg 585w, https:\/\/www.ombudsman.hr\/wp-content\/uploads\/2020\/02\/Foto-3.jpg 1885w\" sizes=\"(max-width: 300px) 100vw, 300px\" \/><\/p>\n<p>&nbsp;<\/p>\n","protected":false},"excerpt":{"rendered":"<p>Pu\u010dka pravobraniteljica Lora Vidovi\u0107 jedna je od \u010detiri finalista za Komunikatora godine, tradicionalnu nagradu koju svake godine dodjeljuje Hrvatska udruga za odnose s javno\u0161\u0107u (HUOJ), osobi ili skupini koja se, iako joj to nije struka, istaknula izvrsno\u0161\u0107u u javnoj komunikaciji. Ocjenjiva\u010dki sud Grand PRixa HUOJ-a u svom obrazlo\u017eenju istaknuo je pravobraniteljicu kao dobar primjer kako [&hellip;]<\/p>\n","protected":false},"author":9,"featured_media":7341,"comment_status":"closed","ping_status":"closed","sticky":false,"template":"","format":"standard","meta":{"footnotes":""},"categories":[2090],"tags":[1288],"class_list":["post-7339","post","type-post","status-publish","format-standard","has-post-thumbnail","hentry","category-novosti","tag-zastita-i-promocija-ljudskih-prava"],"_links":{"self":[{"href":"https:\/\/www.ombudsman.hr\/hr\/wp-json\/wp\/v2\/posts\/7339","targetHints":{"allow":["GET"]}}],"collection":[{"href":"https:\/\/www.ombudsman.hr\/hr\/wp-json\/wp\/v2\/posts"}],"about":[{"href":"https:\/\/www.ombudsman.hr\/hr\/wp-json\/wp\/v2\/types\/post"}],"author":[{"embeddable":true,"href":"https:\/\/www.ombudsman.hr\/hr\/wp-json\/wp\/v2\/users\/9"}],"replies":[{"embeddable":true,"href":"https:\/\/www.ombudsman.hr\/hr\/wp-json\/wp\/v2\/comments?post=7339"}],"version-history":[{"count":3,"href":"https:\/\/www.ombudsman.hr\/hr\/wp-json\/wp\/v2\/posts\/7339\/revisions"}],"predecessor-version":[{"id":11369,"href":"https:\/\/www.ombudsman.hr\/hr\/wp-json\/wp\/v2\/posts\/7339\/revisions\/11369"}],"wp:featuredmedia":[{"embeddable":true,"href":"https:\/\/www.ombudsman.hr\/hr\/wp-json\/wp\/v2\/media\/7341"}],"wp:attachment":[{"href":"https:\/\/www.ombudsman.hr\/hr\/wp-json\/wp\/v2\/media?parent=7339"}],"wp:term":[{"taxonomy":"category","embeddable":true,"href":"https:\/\/www.ombudsman.hr\/hr\/wp-json\/wp\/v2\/categories?post=7339"},{"taxonomy":"post_tag","embeddable":true,"href":"https:\/\/www.ombudsman.hr\/hr\/wp-json\/wp\/v2\/tags?post=7339"}],"curies":[{"name":"wp","href":"https:\/\/api.w.org\/{rel}","templated":true}]}}