{"id":731,"date":"2014-06-06T06:53:13","date_gmt":"2014-06-06T06:53:13","guid":{"rendered":"http:\/\/site.ombudsman.hr\/?p=731"},"modified":"2019-05-23T07:19:30","modified_gmt":"2019-05-23T07:19:30","slug":"obilazak-policijske-postaje-kutina","status":"publish","type":"post","link":"https:\/\/www.ombudsman.hr\/hr\/obilazak-policijske-postaje-kutina\/","title":{"rendered":"Obilazak policijske postaje Kutina"},"content":{"rendered":"<p style=\"text-align: justify;\"><span style=\"font-size: 12pt; line-height: 115%; font-family: 'Times New Roman', serif;\">Dana 29. svibnja 2014. godine \u010dlanovi NPM-a nenajavljeno su obi\u0161li Policijsku postaju Kutina u cilju provjere na\u010dina postupanja prema osobama li\u0161enim slobode te uvjeta njihovog smje\u0161taja u za to predvi\u0111enim prostorijama.<\/span><\/p>\n<p style=\"text-align: justify;\"><span style=\"font-size: 12pt; line-height: 115%; font-family: 'Times New Roman', serif;\">Istom prilikom izvr\u0161en je pregled prostorija kako bi se izvr\u0161ila procjena odgovaraju li uvjeti smje\u0161taja standardima preporu\u010denim od strane Europskog odbora za prevenciju mu\u010denja i neljudskih ili poni\u017eavaju\u0107ih postupaka ili ka\u017enjavanja (CPT). Tako\u0111er, obavljen je razgovor s na\u010delnikom policijske postaje te je izvr\u0161en uvid u odgovaraju\u0107e evidencije.<\/span><\/p>\n<p style=\"text-align: justify;\"><span style=\"font-size: 12pt; line-height: 115%; font-family: 'Times New Roman', serif;\">O utvr\u0111enom \u0107e biti sastavljeno izvje\u0161\u0107e s preporukama koje \u0107e se dostaviti Policijskoj postaji Kutina i Ministarstvu unutarnjih poslova.<\/span><\/p>\n","protected":false},"excerpt":{"rendered":"<p>Dana 29. svibnja 2014. godine \u010dlanovi NPM-a nenajavljeno su obi\u0161li Policijsku postaju Kutina u cilju provjere na\u010dina postupanja prema osobama li\u0161enim slobode te uvjeta njihovog smje\u0161taja u za to predvi\u0111enim prostorijama. Istom prilikom izvr\u0161en je pregled prostorija kako bi se izvr\u0161ila procjena odgovaraju li uvjeti smje\u0161taja standardima preporu\u010denim od strane Europskog odbora za prevenciju mu\u010denja [&hellip;]<\/p>\n","protected":false},"author":1,"featured_media":0,"comment_status":"open","ping_status":"open","sticky":false,"template":"","format":"standard","meta":{"footnotes":""},"categories":[2090],"tags":[428,761,956,433],"class_list":["post-731","post","type-post","status-publish","format-standard","hentry","category-novosti","tag-mup","tag-npm","tag-cpt","tag-nacionalni-preventivni-mehanizam-npm"],"_links":{"self":[{"href":"https:\/\/www.ombudsman.hr\/hr\/wp-json\/wp\/v2\/posts\/731","targetHints":{"allow":["GET"]}}],"collection":[{"href":"https:\/\/www.ombudsman.hr\/hr\/wp-json\/wp\/v2\/posts"}],"about":[{"href":"https:\/\/www.ombudsman.hr\/hr\/wp-json\/wp\/v2\/types\/post"}],"author":[{"embeddable":true,"href":"https:\/\/www.ombudsman.hr\/hr\/wp-json\/wp\/v2\/users\/1"}],"replies":[{"embeddable":true,"href":"https:\/\/www.ombudsman.hr\/hr\/wp-json\/wp\/v2\/comments?post=731"}],"version-history":[{"count":2,"href":"https:\/\/www.ombudsman.hr\/hr\/wp-json\/wp\/v2\/posts\/731\/revisions"}],"predecessor-version":[{"id":5657,"href":"https:\/\/www.ombudsman.hr\/hr\/wp-json\/wp\/v2\/posts\/731\/revisions\/5657"}],"wp:attachment":[{"href":"https:\/\/www.ombudsman.hr\/hr\/wp-json\/wp\/v2\/media?parent=731"}],"wp:term":[{"taxonomy":"category","embeddable":true,"href":"https:\/\/www.ombudsman.hr\/hr\/wp-json\/wp\/v2\/categories?post=731"},{"taxonomy":"post_tag","embeddable":true,"href":"https:\/\/www.ombudsman.hr\/hr\/wp-json\/wp\/v2\/tags?post=731"}],"curies":[{"name":"wp","href":"https:\/\/api.w.org\/{rel}","templated":true}]}}