{"id":708,"date":"2013-10-10T09:36:00","date_gmt":"2013-10-10T08:36:00","guid":{"rendered":"http:\/\/site.ombudsman.hr\/?p=708"},"modified":"2019-05-13T11:21:00","modified_gmt":"2019-05-13T11:21:00","slug":"povodom-svjetskog-dana-beskucnika-10-listopada","status":"publish","type":"post","link":"https:\/\/www.ombudsman.hr\/hr\/povodom-svjetskog-dana-beskucnika-10-listopada\/","title":{"rendered":"Povodom Svjetskog dana besku\u0107nika 10. listopada"},"content":{"rendered":"<p>Milijuni ljudi diljem svijeta 10. listopada obilje\u017eavaju Svjetski dan besku\u0107nika, tijekom kojeg se, na razli\u010dite na\u010dine, \u017eeli promijeniti \u017eivote besku\u0107nika u njihovim lokalnim zajednicama. S toga Pu\u010dka pravobraniteljica ponovno skre\u0107e pozornost javnosti na te\u017eak socijalni statusu besku\u0107nika, budu\u0107i da je njihova skrb, u vidu prihvatili\u0161ta i pu\u010dkih kuhinja, prepu\u0161tena fiskalnim mogu\u0107nostima \u017eupanijama i jedinica lokalne samouprave, bez mogu\u0107nosti nov\u010danih transfera s dr\u017eavne razine. I ove smo godine u Izvje\u0161\u0107u o radu za 2012. upozorili nadle\u017ena dr\u017eavna tijela, \u017eupanije i velike gradove na njihove probleme, posebice na pote\u0161ko\u0107e oko reguliranja prebivali\u0161ta, zbog \u010dega ne mogu ostvariti zdravstvenu za\u0161titu i prava iz socijalne skrbi. U Izvje\u0161\u0107u posebno nagla\u0161avamo kako bi starijim i bolesnim besku\u0107nicima sustav socijalne skrbi trebao bi osigurati primjerenu skrb izvan prihvatili\u0161ta, a radno sposobnim, koji zbog statusa besku\u0107nika spadaju u te\u017ee zapo\u0161ljivu skupinu, uz suradnju sa centrima za socijalnu skrb, udrugama i slu\u017ebama za zapo\u0161ljavanje, omogu\u0107iti zaposlenje i time im osigurati dostojanstven \u017eivot.<\/p>\n","protected":false},"excerpt":{"rendered":"<p>Milijuni ljudi diljem svijeta 10. listopada obilje\u017eavaju Svjetski dan besku\u0107nika, tijekom kojeg se, na razli\u010dite na\u010dine, \u017eeli promijeniti \u017eivote besku\u0107nika u njihovim lokalnim zajednicama. S toga Pu\u010dka pravobraniteljica ponovno skre\u0107e pozornost javnosti na te\u017eak socijalni statusu besku\u0107nika, budu\u0107i da je njihova skrb, u vidu prihvatili\u0161ta i pu\u010dkih kuhinja, prepu\u0161tena fiskalnim mogu\u0107nostima \u017eupanijama i jedinica lokalne [&hellip;]<\/p>\n","protected":false},"author":1,"featured_media":0,"comment_status":"open","ping_status":"open","sticky":false,"template":"","format":"standard","meta":{"footnotes":""},"categories":[2090],"tags":[1288],"class_list":["post-708","post","type-post","status-publish","format-standard","hentry","category-novosti","tag-zastita-i-promocija-ljudskih-prava"],"_links":{"self":[{"href":"https:\/\/www.ombudsman.hr\/hr\/wp-json\/wp\/v2\/posts\/708","targetHints":{"allow":["GET"]}}],"collection":[{"href":"https:\/\/www.ombudsman.hr\/hr\/wp-json\/wp\/v2\/posts"}],"about":[{"href":"https:\/\/www.ombudsman.hr\/hr\/wp-json\/wp\/v2\/types\/post"}],"author":[{"embeddable":true,"href":"https:\/\/www.ombudsman.hr\/hr\/wp-json\/wp\/v2\/users\/1"}],"replies":[{"embeddable":true,"href":"https:\/\/www.ombudsman.hr\/hr\/wp-json\/wp\/v2\/comments?post=708"}],"version-history":[{"count":2,"href":"https:\/\/www.ombudsman.hr\/hr\/wp-json\/wp\/v2\/posts\/708\/revisions"}],"predecessor-version":[{"id":5737,"href":"https:\/\/www.ombudsman.hr\/hr\/wp-json\/wp\/v2\/posts\/708\/revisions\/5737"}],"wp:attachment":[{"href":"https:\/\/www.ombudsman.hr\/hr\/wp-json\/wp\/v2\/media?parent=708"}],"wp:term":[{"taxonomy":"category","embeddable":true,"href":"https:\/\/www.ombudsman.hr\/hr\/wp-json\/wp\/v2\/categories?post=708"},{"taxonomy":"post_tag","embeddable":true,"href":"https:\/\/www.ombudsman.hr\/hr\/wp-json\/wp\/v2\/tags?post=708"}],"curies":[{"name":"wp","href":"https:\/\/api.w.org\/{rel}","templated":true}]}}