{"id":700,"date":"2014-05-14T06:23:00","date_gmt":"2014-05-14T06:23:00","guid":{"rendered":"http:\/\/site.ombudsman.hr\/?p=700"},"modified":"2019-07-02T12:17:14","modified_gmt":"2019-07-02T12:17:14","slug":"sastanak-savjetnika-za-komunikacije-u-podrucju-ljudskih-prava-u-becu","status":"publish","type":"post","link":"https:\/\/www.ombudsman.hr\/hr\/sastanak-savjetnika-za-komunikacije-u-podrucju-ljudskih-prava-u-becu\/","title":{"rendered":"Sastanak savjetnika za komunikacije u podru\u010dju ljudskih prava u Be\u010du"},"content":{"rendered":"<div id=\"toolbar-articlebody\">\n<p style=\"text-align: justify;\">U Be\u010du su 13. i 14. svibnja odr\u017eani sastanci savjetnika za komunikacije i odnose s javno\u0161\u0107u ombudsmana, tijela za suzbijanje diskriminacije s podru\u010dja Europe te FRA, EQUINET-a i ENNHRI-a (Europske mre\u017ee institucija za ljudska prava) s ciljem pobolj\u0161anja postoje\u0107ih komunikacijskih kanala izme\u0111u pojedinih institucija i njihovih \u010dlanova te pronala\u017eenja novih na\u010dina suradnje i me\u0111usobne potpore komunikaciji o za\u0161titi temeljnih prava na nacionalnoj i europoskoj razini. Sastanku je prisustvovala savjetnica za promicanje ljudskih prava, suradnju i odnose s javno\u0161\u0107u.<\/p>\n<p><!--more--><\/p>\n<p style=\"text-align: justify;\">Prvog dana odr\u017ean je sastanak s Europskom mre\u017eom nacionalnih institucija za ljudska prava (ENNHRI) koja obuhva\u0107a 40 NHRI u \u0161iroj europskoj regiji, a od 2013. djeluje kao me\u0111unarodna neprofitna udruga sa stalnim tajni\u0161tvom u Bruxellesu. Sastanak je otvorila Debbie Kohner, glavna tajnica, Glavnog tajni\u0161tva ENNHRI-a koja je u uvodnom izlaganju predstavila dosada\u0161nji rad ENNHRI-a i budu\u0107u suradnju s nacionalnim institucijama iz \u0161ire europske regije te predlo\u017eila raspravu o komunikacijskoj strategiji, ciljevima, izazovima strategije te mogu\u0107im na\u010dinima budu\u0107e suradnje. Iz doista opse\u017ene cjelodnevne diskusije izra\u0111en je prijedlog nacrta komunikacijske strategije.<br \/>\nDrugog dana sastanak je otvorio Frisio Roscam Abbing voditelj Odjela komunikacija i istra\u017eivanja FRA i naglasio ciljeve sastanka: raspravu o mogu\u0107em pove\u0107anju vidljivosti institucija kroz u\u010dinkovitu komunikaciju, raspravu o na\u010dinima komunikacije izme\u0111u mre\u017ea i nacionalnih institucija, razmjena iskustava kod klju\u010dnih izazova s kojima se susre\u0107u komunikacijski prakti\u010dari, kako komunicirati poruku, koje alate koristiti te kako strate\u0161ki koordinirati potrebe partnerskih mre\u017ea i institucija vertikalno i horizontalno.<br \/>\nTijekom poslijepodneva diskusije su se odvijale u skupinama, a na kraju dana odr\u017eana je plenarna sjednica.<\/p>\n<\/div>\n","protected":false},"excerpt":{"rendered":"<p>U Be\u010du su 13. i 14. svibnja odr\u017eani sastanci savjetnika za komunikacije i odnose s javno\u0161\u0107u ombudsmana, tijela za suzbijanje diskriminacije s podru\u010dja Europe te FRA, EQUINET-a i ENNHRI-a (Europske mre\u017ee institucija za ljudska prava) s ciljem pobolj\u0161anja postoje\u0107ih komunikacijskih kanala izme\u0111u pojedinih institucija i njihovih \u010dlanova te pronala\u017eenja novih na\u010dina suradnje i me\u0111usobne potpore [&hellip;]<\/p>\n","protected":false},"author":1,"featured_media":0,"comment_status":"open","ping_status":"open","sticky":false,"template":"","format":"standard","meta":{"footnotes":""},"categories":[2090],"tags":[294,296,311,1288],"class_list":["post-700","post","type-post","status-publish","format-standard","hentry","category-novosti","tag-ennhri","tag-equinet","tag-fra","tag-zastita-i-promocija-ljudskih-prava"],"_links":{"self":[{"href":"https:\/\/www.ombudsman.hr\/hr\/wp-json\/wp\/v2\/posts\/700","targetHints":{"allow":["GET"]}}],"collection":[{"href":"https:\/\/www.ombudsman.hr\/hr\/wp-json\/wp\/v2\/posts"}],"about":[{"href":"https:\/\/www.ombudsman.hr\/hr\/wp-json\/wp\/v2\/types\/post"}],"author":[{"embeddable":true,"href":"https:\/\/www.ombudsman.hr\/hr\/wp-json\/wp\/v2\/users\/1"}],"replies":[{"embeddable":true,"href":"https:\/\/www.ombudsman.hr\/hr\/wp-json\/wp\/v2\/comments?post=700"}],"version-history":[{"count":2,"href":"https:\/\/www.ombudsman.hr\/hr\/wp-json\/wp\/v2\/posts\/700\/revisions"}],"predecessor-version":[{"id":5672,"href":"https:\/\/www.ombudsman.hr\/hr\/wp-json\/wp\/v2\/posts\/700\/revisions\/5672"}],"wp:attachment":[{"href":"https:\/\/www.ombudsman.hr\/hr\/wp-json\/wp\/v2\/media?parent=700"}],"wp:term":[{"taxonomy":"category","embeddable":true,"href":"https:\/\/www.ombudsman.hr\/hr\/wp-json\/wp\/v2\/categories?post=700"},{"taxonomy":"post_tag","embeddable":true,"href":"https:\/\/www.ombudsman.hr\/hr\/wp-json\/wp\/v2\/tags?post=700"}],"curies":[{"name":"wp","href":"https:\/\/api.w.org\/{rel}","templated":true}]}}