{"id":689,"date":"2014-05-11T16:06:55","date_gmt":"2014-05-11T16:06:55","guid":{"rendered":"http:\/\/site.ombudsman.hr\/?p=689"},"modified":"2019-07-02T12:17:30","modified_gmt":"2019-07-02T12:17:30","slug":"upr-projekt-podrzan-od-undp-a","status":"publish","type":"post","link":"https:\/\/www.ombudsman.hr\/hr\/upr-projekt-podrzan-od-undp-a\/","title":{"rendered":"UPR projekt podr\u017ean od UNDP-a"},"content":{"rendered":"<p style=\"text-align: justify;\">Ured pu\u010dke pravobraniteljice, kao jedina hrvatska nacionalna institucija za za\u0161titu ljudskih prava (NHRI) s A statusom, aktivno sudjeluje u me\u0111unarodnim mehanizmima za za\u0161titu ljudskih prava, \u0161to kontinuirano podr\u017eava Program ujedinjenih naroda za razvoj (UNDP).<\/p>\n<p style=\"text-align: justify;\">Univerzalni periodi\u010dni izvje\u0161taj (UPR) jedan je od najnovijih instrumenata za\u0161tite ljudskih prava koji obuhva\u0107a sva ljudska prava. Prvi ciklus UPR-a za Republiku Hrvatsku po\u010deo je 2010. godine kada je izra\u0111en i predan prvi izvje\u0161taj NHRI-ja. \u010cetiri godine kasnije, na red je do\u0161ao i drugi ciklus izvje\u0161tavanja, a kao rok za predaju novog izvje\u0161\u0107a NHRI-ja odre\u0111en je 15. rujna 2014. godine.<\/p>\n<p style=\"text-align: justify;\">S ciljem predstavljanja sveobuhvatnog stanja ljudskih prava u Hrvatskoj, provesti \u0107e se konzultacije s relevantnim dionicima, a to su: specijalizirani pravobraniteljski uredi, nevladine organizacije za ljudska prava (NGOi), sindikati i mediji. Zastupnici u Hrvatskome saboru bit \u0107e pozvani na radionicu sa stru\u010dnjakom iz Ureda visoke povjerenice za za\u0161titu ljudskih prava UN-a (OHCHR).<\/p>\n<p style=\"text-align: justify;\">Slijede\u0107i proceduru koju smo postavili u prvom ciklusu izvje\u0161tavanja, Ured pu\u010dke pravobraniteljice koordinirati \u0107e nekoliko aktivnosti, uklju\u010duju\u0107i i izradu NHRI izvje\u0161taja u suradnji s ostalim specijaliziranim pravobraniteljskim uredima u RH.<\/p>\n<p style=\"text-align: justify;\">Stoga aktivnosti projekta uklju\u010duju:<\/p>\n<ul style=\"text-align: justify;\">\n<li>Radionicu sa zastupnicima Hrvatskoga sabora (Odbora za ljudska prava i prava nacionalnih manjina te drugih relevantnih odbora)<\/li>\n<li>Sastanke i konzultacije s: posebnim pravobraniteljima oko izrade zajedni\u010dkog UPR izvje\u0161\u0107a, sastanke s organizacijama civilnoga dru\u0161tva koje se bave ljudskim pravima te sastanke s predstavnicima medija o UPR procesu<\/li>\n<li>Prijevod UPR izvje\u0161\u0107a pravobranitelja (2014), te prethodno prijevod Godi\u0161njeg izvje\u0161\u0107a pu\u010dke pravobraniteljice za 2013.<\/li>\n<\/ul>\n","protected":false},"excerpt":{"rendered":"<p>Ured pu\u010dke pravobraniteljice, kao jedina hrvatska nacionalna institucija za za\u0161titu ljudskih prava (NHRI) s A statusom, aktivno sudjeluje u me\u0111unarodnim mehanizmima za za\u0161titu ljudskih prava, \u0161to kontinuirano podr\u017eava Program ujedinjenih naroda za razvoj (UNDP). Univerzalni periodi\u010dni izvje\u0161taj (UPR) jedan je od najnovijih instrumenata za\u0161tite ljudskih prava koji obuhva\u0107a sva ljudska prava. Prvi ciklus UPR-a za [&hellip;]<\/p>\n","protected":false},"author":1,"featured_media":0,"comment_status":"open","ping_status":"open","sticky":false,"template":"","format":"standard","meta":{"footnotes":""},"categories":[186],"tags":[661,1051,1288],"class_list":["post-689","post","type-post","status-publish","format-standard","hentry","category-projekti","tag-undp","tag-upr","tag-zastita-i-promocija-ljudskih-prava"],"_links":{"self":[{"href":"https:\/\/www.ombudsman.hr\/hr\/wp-json\/wp\/v2\/posts\/689","targetHints":{"allow":["GET"]}}],"collection":[{"href":"https:\/\/www.ombudsman.hr\/hr\/wp-json\/wp\/v2\/posts"}],"about":[{"href":"https:\/\/www.ombudsman.hr\/hr\/wp-json\/wp\/v2\/types\/post"}],"author":[{"embeddable":true,"href":"https:\/\/www.ombudsman.hr\/hr\/wp-json\/wp\/v2\/users\/1"}],"replies":[{"embeddable":true,"href":"https:\/\/www.ombudsman.hr\/hr\/wp-json\/wp\/v2\/comments?post=689"}],"version-history":[{"count":1,"href":"https:\/\/www.ombudsman.hr\/hr\/wp-json\/wp\/v2\/posts\/689\/revisions"}],"predecessor-version":[{"id":5741,"href":"https:\/\/www.ombudsman.hr\/hr\/wp-json\/wp\/v2\/posts\/689\/revisions\/5741"}],"wp:attachment":[{"href":"https:\/\/www.ombudsman.hr\/hr\/wp-json\/wp\/v2\/media?parent=689"}],"wp:term":[{"taxonomy":"category","embeddable":true,"href":"https:\/\/www.ombudsman.hr\/hr\/wp-json\/wp\/v2\/categories?post=689"},{"taxonomy":"post_tag","embeddable":true,"href":"https:\/\/www.ombudsman.hr\/hr\/wp-json\/wp\/v2\/tags?post=689"}],"curies":[{"name":"wp","href":"https:\/\/api.w.org\/{rel}","templated":true}]}}