{"id":6876,"date":"2019-10-01T10:08:49","date_gmt":"2019-10-01T08:08:49","guid":{"rendered":"https:\/\/www.ombudsman.hr\/hr\/?p=6876"},"modified":"2019-10-02T14:29:24","modified_gmt":"2019-10-02T12:29:24","slug":"obiljezavanje-medunarodnog-dana-starijih-osoba","status":"publish","type":"post","link":"https:\/\/www.ombudsman.hr\/hr\/obiljezavanje-medunarodnog-dana-starijih-osoba\/","title":{"rendered":"Obilje\u017eavanje Me\u0111unarodnog dana starijih osoba"},"content":{"rendered":"<p>Na inicijativu Op\u0107e skup\u0161tine Ujedinjenih naroda, 1. listopada progla\u0161en je Me\u0111unarodnim danom starijih osoba kako bi se naglasila va\u017enost osiguravanja \u017eivotne sredine koja se mo\u017ee prilagoditi potrebama i sposobnostima stanovnika tre\u0107e \u017eivotne dobi, a obilje\u017eava se od 1991. godine. Progla\u0161enjem me\u0111unarodnog dana starijih osoba \u017eeli se potaknuti dr\u017eave da im osiguraju zadovoljenje njihovih potreba i omogu\u0107e sudjelovanje u dru\u0161tvu u skladu s njihovim fizi\u010dkim i intelektualnim sposobnostima, jer itekako mogu doprinijeti zajednici u kojoj \u017eive.<\/p>\n<p>Ina\u010de, prema podacima Eurostata za 2017. godinu 19,6 posto stanovnika u Hrvatskoj starije je od 65 godina, a ubrzano starenje stanovni\u0161tva veliki je izazov u dugoro\u010dnom planiranju skrbi za starije osobe i kreiranju javnih politika. Strategija socijalne skrbi za starije osobe u RH 2017. &#8211; 2020. trebala bi osigurati preduvjete da im se pove\u0107ava kvaliteta \u017eivota, no rje\u0161avanje mnogih problema, na\u017ealost, odga\u0111a se dugi niz godina.<\/p>\n<p>Osobe tre\u0107e \u017eivotne dobi naj\u010de\u0161\u0107e se suo\u010davaju s problemima vezanim uz socijalnu sigurnost, a prema podacima Dr\u017eavnog zavoda za statistiku, stopa rizika od siroma\u0161tva u 2018. najvi\u0161a je, i to 28,1 posto, upravo za tu dru\u0161tvenu skupinu. Iako to u odnosu na prethodnu godinu predstavlja smanjenje od 0,5 posto, osobe starije od 65 godina i dalje ostaju najugro\u017eenije, a alarmantno je i \u0161to u riziku od siroma\u0161tva \u017eivi \u010dak 48,1 posto njih koji \u017eive sami, \u0161to je u odnosu na prethodnu godinu pove\u0107anje od 0,3 posto. Uz to, i podaci Eurostata govore o 26 posto starijih osoba u riziku od siroma\u0161tva, dok je EU prosjek 14,4 posto, \u0161to pokazuje da mjere koje se provode nisu dobro usmjerene i ne daju rezultate.<\/p>\n<p>Najava uvo\u0111enja nacionalne mirovine svakako je korak u dobrom smjeru jer, prema Eurostatu, samo 64 posto stanovnika Hrvatske starijih od 65 prima mirovinu, \u010dime smo uz \u0160panjolsku na dnu EU. Osim \u0161to bi to predstavljalo korak u dobrom smjeru, starijim osobama koje \u017eive u siroma\u0161tvu to bi zasigurno omogu\u0107ilo dostojanstveniji \u017eivot, a uvo\u0111enje tog instituta u svojim je izvje\u0161\u0107ima preporu\u010divala i pu\u010dka pravobraniteljica.<\/p>\n<p>Kako bi se na najbolji na\u010din zajam\u010dila njihova prava, \u0161to je preporuka i UN-ove neovisne stru\u010dnjakinje za u\u017eivanje svih ljudskih prava osoba starije \u017eivotne dobi, trebalo bi donijeti Konvenciju kojom bi se propisala sva relevantna prava na jednom mjestu, pove\u0107ala njihova vidljivost, dostupnost i razumijevanje u dru\u0161tvu te oja\u010dala odgovornost dr\u017eava za provedbu mjera i politika koje \u0107e osna\u017eiti osobe starije \u017eivotne dobi u svim segmentima \u017eivota.<\/p>\n<p>Kona\u010dno, s ciljem pobolj\u0161anja \u017eivota umirovljenika i starijih osoba i daljnjem ostvarivanju njihovih prava, potrebno je i dalje inzistirati na \u0161irenju dijaloga na svim razinama, kao i njihovom uklju\u010divanju u tijela odlu\u010divanja. Kako bi se ta suradnja pobolj\u0161ala, pravobraniteljica je na inicijativu Sindikata umirovljenika Hrvatske preporu\u010dila i osnivanje savjeta za umirovljenike i starije osobe u svim \u017eupanijama, gradovima i op\u0107inama, jer je sada, takvim oblikom participacije i aktivnog sudjelovanja u odlu\u010divanju obuhva\u0107en tek mali broj njih.<\/p>\n","protected":false},"excerpt":{"rendered":"<p>Na inicijativu Op\u0107e skup\u0161tine Ujedinjenih naroda, 1. listopada progla\u0161en je Me\u0111unarodnim danom starijih osoba kako bi se naglasila va\u017enost osiguravanja \u017eivotne sredine koja se mo\u017ee prilagoditi potrebama i sposobnostima stanovnika tre\u0107e \u017eivotne dobi, a obilje\u017eava se od 1991. godine. Progla\u0161enjem me\u0111unarodnog dana starijih osoba \u017eeli se potaknuti dr\u017eave da im osiguraju zadovoljenje njihovih potreba i [&hellip;]<\/p>\n","protected":false},"author":9,"featured_media":6879,"comment_status":"open","ping_status":"open","sticky":false,"template":"","format":"standard","meta":{"footnotes":""},"categories":[2090],"tags":[607,1288],"class_list":["post-6876","post","type-post","status-publish","format-standard","has-post-thumbnail","hentry","category-novosti","tag-starije-osobe","tag-zastita-i-promocija-ljudskih-prava"],"_links":{"self":[{"href":"https:\/\/www.ombudsman.hr\/hr\/wp-json\/wp\/v2\/posts\/6876","targetHints":{"allow":["GET"]}}],"collection":[{"href":"https:\/\/www.ombudsman.hr\/hr\/wp-json\/wp\/v2\/posts"}],"about":[{"href":"https:\/\/www.ombudsman.hr\/hr\/wp-json\/wp\/v2\/types\/post"}],"author":[{"embeddable":true,"href":"https:\/\/www.ombudsman.hr\/hr\/wp-json\/wp\/v2\/users\/9"}],"replies":[{"embeddable":true,"href":"https:\/\/www.ombudsman.hr\/hr\/wp-json\/wp\/v2\/comments?post=6876"}],"version-history":[{"count":2,"href":"https:\/\/www.ombudsman.hr\/hr\/wp-json\/wp\/v2\/posts\/6876\/revisions"}],"predecessor-version":[{"id":6880,"href":"https:\/\/www.ombudsman.hr\/hr\/wp-json\/wp\/v2\/posts\/6876\/revisions\/6880"}],"wp:featuredmedia":[{"embeddable":true,"href":"https:\/\/www.ombudsman.hr\/hr\/wp-json\/wp\/v2\/media\/6879"}],"wp:attachment":[{"href":"https:\/\/www.ombudsman.hr\/hr\/wp-json\/wp\/v2\/media?parent=6876"}],"wp:term":[{"taxonomy":"category","embeddable":true,"href":"https:\/\/www.ombudsman.hr\/hr\/wp-json\/wp\/v2\/categories?post=6876"},{"taxonomy":"post_tag","embeddable":true,"href":"https:\/\/www.ombudsman.hr\/hr\/wp-json\/wp\/v2\/tags?post=6876"}],"curies":[{"name":"wp","href":"https:\/\/api.w.org\/{rel}","templated":true}]}}