{"id":6691,"date":"2019-07-11T07:44:50","date_gmt":"2019-07-11T07:44:50","guid":{"rendered":"https:\/\/site2.ombudsman.hr\/hr\/?p=6691"},"modified":"2019-09-23T13:57:27","modified_gmt":"2019-09-23T11:57:27","slug":"predstavljena-internetska-stranica-zene-i-mediji","status":"publish","type":"post","link":"https:\/\/www.ombudsman.hr\/hr\/predstavljena-internetska-stranica-zene-i-mediji\/","title":{"rendered":"Predstavljena internetska stranica \u017dene i mediji"},"content":{"rendered":"<p>Agencija za elektroni\u010dke medije u zagreba\u010dkom je muzeju Mimara 4. srpnja predstavila i pokrenula internetsku stranicu \u017dene i mediji. Uz ravnatelja Agencije Josipa Popovca, tom prigodom svim uzvanicima obratili su se i ministrica demografije, obitelji, mladih i socijalne politike Nada Murgani\u0107, ravnateljica Ureda za ravnopravnost spolova Helena \u0160timac Radin, pravobraniteljica za ravnopravnost spolova Vi\u0161nja Ljubi\u010di\u0107 te zamjenica pu\u010dke pravobraniteljice Tena \u0160imonovi\u0107 Einwalter.<\/p>\n<p>Zamjenica \u0160imonovi\u0107 Einwalter u svom se obra\u0107anju zapitala je li nam potrebna jo\u0161 jedna stranica sa \u201e\u017eenskim temama\u201c, a potom je ispred institucije pozdravila njeno pokretanje, podsjetiv\u0161i okupljene da \u201e\u017eenske teme\u201c uklju\u010duju i nasilje nad \u017eenama, \u017eenski sport, ali i druge ozbiljne dru\u0161tvene teme iz podru\u010dja znanosti, politike i sli\u010dno, mnoge od kojih sve zahtijevaju ve\u0107e uklju\u010divanje i sudjelovanje \u017eena te daleko ve\u0107u vidljivost u medijima \u017eena koja se njima bave. Ukratko je objasnila da institucija pu\u010dkog pravobranitelja objedinjava nekoliko mandata te da se u svom radu uvijek trudimo u obzir uzeti i rodnu komponentu u kontekstu specifi\u010dnog polo\u017eaja \u017eena u dru\u0161tvu, primjerice, isti\u010du\u0107i da su u Hrvatskoj upravo starije \u017eene u najve\u0107em riziku od siroma\u0161tva. Naglasila je i da je primjetna erozija prava \u017eena zbog \u010dega medijsko izvje\u0161tavanje mora biti posebno spolno, odnosno rodno osvije\u0161teno, podr\u017eav\u0161i pokretanje internetske stranice \u010dija je uloga mijenjanje takvih negativnih trendova.<\/p>\n<p>Isto tako, u svom govoru istaknula je da se na polo\u017eaj \u017eena odra\u017eava i seksisti\u010dki i mrzila\u010dki govor te neverbalna komunikacija, a istra\u017eivanja pokazuju da se zbog bojazni da \u0107e biti mete uznemiravanja, \u017eene na internetu \u010desto autocenzuriraju. Istovremeno, cyber-nasilje naj\u010de\u0161\u0107e je usmjereno prema \u017eenama mla\u0111e \u017eivotne dobi te onima koje imaju ve\u0107u vidljivost u javnosti poput primjerice politi\u010darki, novinarki, znanstvenica ili zagovornica \u017eenskih i ljudskih prava.<\/p>\n<p>Doga\u0111anje u Mimari bilo je i idealna prilika za sve\u010dano zaklju\u010divanje suradnje svih uklju\u010denih dionika potpisivanjem sporazuma izme\u0111u Agencije za elektroni\u010dke medije i partnerskih institucija i organizacija, kojeg je u ime institucije pu\u010dkog pravobranitelja potpisala zamjenica \u0160imonovi\u0107 Einwalter.<\/p>\n<p>Video linkom nazo\u010dnima se obratila i predsjednica Republike Hrvatske Kolinda Grabar Kitarovi\u0107 pod \u010dijim se pokroviteljstvom doga\u0111anje i odr\u017ealo, a u drugom dijelu odr\u017ean je i okrugli stol na kojem su sudjelovali ministrica kulture Nina Obuljen Kor\u017einek, predsjednica Hrvatske udruge poslodavaca Gordana Deranja, profesorica zagreba\u010dkog Prirodoslovno-matemati\u010dkog fakulteta Vlatka Zoldo\u0161, potpredsjednica Hrvatskog olimpijskog odbora Morana Palikovi\u0107 Gruden, \u010dlanica izvr\u0161nog odbora Hrvatskog dru\u0161tva dramskih umjetnika Ana-Marija Vrdoljak te voditeljica programa \u201eRodna ravnopravnost\u201c udruge B.a.B.e. Petra Konti\u0107. Okrugli stol poslu\u017eio je za razmjenu iskustava, ideja i mi\u0161ljenja o ravnopravnosti spolova te polo\u017eaju \u017eena u dru\u0161tvu, a panelistice su utvrdile kako je u tzv. \u201ebazenu za funkcije\u201c premalo \u017eena kao i da u pojedinim sektorima \u017eene imaju manju ulogu pa time i manju vidljivost. Istaknuto je i da na tr\u017ei\u0161tu rada postoji nejednakost \u017eena i mu\u0161karaca, i to ve\u0107 i prije stupanja na tr\u017ei\u0161te, odnosno ve\u0107 tijekom postupka zapo\u0161ljavanja.<\/p>\n<p>Na kraju doga\u0111anja zaklju\u010deno je kako \u0107e\u00a0<a href=\"https:\/\/www.zeneimediji.hr\/\">internetska stranica \u017dene i mediji<\/a>\u00a0predstavljati sredi\u0161nje mjesto za informiranje javnosti o raznim aspektima polo\u017eaja \u017eena u dru\u0161tvu, o nacionalnom, europskom i me\u0111unarodnom pravu, a osmi\u0161ljena je i kao portal koji \u0107e nuditi pozitivne primjere uspje\u0161nih \u017eena u svakom segmentu na\u0161eg dru\u0161tva te skretati pozornost na probleme s kojima se \u017eene susre\u0107u. Radi se o zajedni\u010dkoj platformi za razmjenu znanja, iskustava i prakse, a u kreiranje sadr\u017eaja uklju\u010deni su mnogi relevantni stru\u010dnjaci iz razli\u010ditih dru\u0161tvenih podru\u010dja.<\/p>\n<p>&nbsp;<\/p>\n","protected":false},"excerpt":{"rendered":"<p>Agencija za elektroni\u010dke medije u zagreba\u010dkom je muzeju Mimara 4. srpnja predstavila i pokrenula internetsku stranicu \u017dene i mediji. Uz ravnatelja Agencije Josipa Popovca, tom prigodom svim uzvanicima obratili su se i ministrica demografije, obitelji, mladih i socijalne politike Nada Murgani\u0107, ravnateljica Ureda za ravnopravnost spolova Helena \u0160timac Radin, pravobraniteljica za ravnopravnost spolova Vi\u0161nja Ljubi\u010di\u0107 [&hellip;]<\/p>\n","protected":false},"author":4,"featured_media":6692,"comment_status":"open","ping_status":"open","sticky":false,"template":"","format":"standard","meta":{"footnotes":""},"categories":[2090],"tags":[629],"class_list":["post-6691","post","type-post","status-publish","format-standard","has-post-thumbnail","hentry","category-novosti","tag-suzbijanje-diskriminacije"],"_links":{"self":[{"href":"https:\/\/www.ombudsman.hr\/hr\/wp-json\/wp\/v2\/posts\/6691","targetHints":{"allow":["GET"]}}],"collection":[{"href":"https:\/\/www.ombudsman.hr\/hr\/wp-json\/wp\/v2\/posts"}],"about":[{"href":"https:\/\/www.ombudsman.hr\/hr\/wp-json\/wp\/v2\/types\/post"}],"author":[{"embeddable":true,"href":"https:\/\/www.ombudsman.hr\/hr\/wp-json\/wp\/v2\/users\/4"}],"replies":[{"embeddable":true,"href":"https:\/\/www.ombudsman.hr\/hr\/wp-json\/wp\/v2\/comments?post=6691"}],"version-history":[{"count":1,"href":"https:\/\/www.ombudsman.hr\/hr\/wp-json\/wp\/v2\/posts\/6691\/revisions"}],"predecessor-version":[{"id":6693,"href":"https:\/\/www.ombudsman.hr\/hr\/wp-json\/wp\/v2\/posts\/6691\/revisions\/6693"}],"wp:featuredmedia":[{"embeddable":true,"href":"https:\/\/www.ombudsman.hr\/hr\/wp-json\/wp\/v2\/media\/6692"}],"wp:attachment":[{"href":"https:\/\/www.ombudsman.hr\/hr\/wp-json\/wp\/v2\/media?parent=6691"}],"wp:term":[{"taxonomy":"category","embeddable":true,"href":"https:\/\/www.ombudsman.hr\/hr\/wp-json\/wp\/v2\/categories?post=6691"},{"taxonomy":"post_tag","embeddable":true,"href":"https:\/\/www.ombudsman.hr\/hr\/wp-json\/wp\/v2\/tags?post=6691"}],"curies":[{"name":"wp","href":"https:\/\/api.w.org\/{rel}","templated":true}]}}