{"id":598,"date":"2013-04-04T12:52:16","date_gmt":"2013-04-04T12:52:16","guid":{"rendered":"http:\/\/site.ombudsman.hr\/?p=598"},"modified":"2019-05-17T18:50:37","modified_gmt":"2019-05-17T18:50:37","slug":"pucka-pravobraniteljica-o-sustavu-besplatne-pravne-pomoci","status":"publish","type":"post","link":"https:\/\/www.ombudsman.hr\/hr\/pucka-pravobraniteljica-o-sustavu-besplatne-pravne-pomoci\/","title":{"rendered":"Pu\u010dka pravobraniteljica o sustavu besplatne pravne pomo\u0107i"},"content":{"rendered":"<p style=\"text-align: justify;\">Pu\u010dka pravobraniteljica Lora Vidovi\u0107 sudjelovala je na Javnoj raspravi o Nacrtu prijedloga Zakona o izmjenama i dopunama Zakona o besplatnoj pravnoj pomo\u0107i, koja je organizirana u 3. travnja 2013. u Ku\u0107i ljudskih prava.<\/p>\n<p><!--more--><\/p>\n<p>Lora Vidovi\u0107 tom je prigodom predstavila \u00a0konkretne preporuke za unapre\u0111enje sustava, a koje \u0107e biti dostavljene Ministarstvu pavosu\u0111a. U svome je izlaganju Pu\u010dka pravobraniteljica naglasila kako upravo u\u010dinkovit sustav besplatne pravne pomo\u0107i omogu\u0107ava ostvarenje svih ljudskih prava, jednakost pred zakonom i pravo na pristup pravosu\u0111u pod jednakim uvjetima, te stoga predstavlja jedno od ishodi\u0161nih pitanja za\u0161tite ljudskih prava. Sve dok besplatna pravna pomo\u0107 ne bude dostupna najsiroma\u0161nijem marginaliziranom \u010dlanu na\u0161eg dru\u0161tva, ne mo\u017eemo re\u0107i da imamo dobar sustav, naglasila je Vidovi\u0107. Najavila je da \u0107e pratiti daljnji rad na zakonu, njegovo djelovanje u praksi te stavila na raspolaganje resurse koje Ured u tom smislu ima.<\/p>\n<p style=\"text-align: justify;\">U raspravi su sudjelovali i prof. Alan Uzelac, voditelj pravne klinike Zagreb, Ljiljana Bo\u017ei\u0107 Krstanovi\u0107 kao predstavnica udruga pru\u017eateljica pravne pomo\u0107i, Sanja Sarnavka kao predstavnica Ku\u0107e ljudskih prava te predstavnici pravobraniteljskih institucija, organizacija civilnoga dru\u0161tva i me\u0111unardonih organizacija. Predstavnici Ministarstva pravosu\u0111a saslu\u0161ali su argumente i prijedloge te izrazili jasnu namjeru da u suradnji s razli\u010ditim dionicima unaprijede postoje\u0107i sustav. Sukladno tome, najavili su da \u0107e sada\u0161nji Prijedlog Zakona pretrpjeti daljnje izmjene, kao i da je planirano njegovo dono\u0161enje u redovitoj saborskoj proceduri.<\/p>\n","protected":false},"excerpt":{"rendered":"<p>Pu\u010dka pravobraniteljica Lora Vidovi\u0107 sudjelovala je na Javnoj raspravi o Nacrtu prijedloga Zakona o izmjenama i dopunama Zakona o besplatnoj pravnoj pomo\u0107i, koja je organizirana u 3. travnja 2013. u Ku\u0107i ljudskih prava.<\/p>\n","protected":false},"author":1,"featured_media":0,"comment_status":"open","ping_status":"open","sticky":false,"template":"","format":"standard","meta":{"footnotes":""},"categories":[2090],"tags":[246,1288],"class_list":["post-598","post","type-post","status-publish","format-standard","hentry","category-novosti","tag-besplatna-pravna-pomoc","tag-zastita-i-promocija-ljudskih-prava"],"_links":{"self":[{"href":"https:\/\/www.ombudsman.hr\/hr\/wp-json\/wp\/v2\/posts\/598","targetHints":{"allow":["GET"]}}],"collection":[{"href":"https:\/\/www.ombudsman.hr\/hr\/wp-json\/wp\/v2\/posts"}],"about":[{"href":"https:\/\/www.ombudsman.hr\/hr\/wp-json\/wp\/v2\/types\/post"}],"author":[{"embeddable":true,"href":"https:\/\/www.ombudsman.hr\/hr\/wp-json\/wp\/v2\/users\/1"}],"replies":[{"embeddable":true,"href":"https:\/\/www.ombudsman.hr\/hr\/wp-json\/wp\/v2\/comments?post=598"}],"version-history":[{"count":2,"href":"https:\/\/www.ombudsman.hr\/hr\/wp-json\/wp\/v2\/posts\/598\/revisions"}],"predecessor-version":[{"id":5710,"href":"https:\/\/www.ombudsman.hr\/hr\/wp-json\/wp\/v2\/posts\/598\/revisions\/5710"}],"wp:attachment":[{"href":"https:\/\/www.ombudsman.hr\/hr\/wp-json\/wp\/v2\/media?parent=598"}],"wp:term":[{"taxonomy":"category","embeddable":true,"href":"https:\/\/www.ombudsman.hr\/hr\/wp-json\/wp\/v2\/categories?post=598"},{"taxonomy":"post_tag","embeddable":true,"href":"https:\/\/www.ombudsman.hr\/hr\/wp-json\/wp\/v2\/tags?post=598"}],"curies":[{"name":"wp","href":"https:\/\/api.w.org\/{rel}","templated":true}]}}