{"id":526,"date":"2014-01-22T19:13:09","date_gmt":"2014-01-22T18:13:09","guid":{"rendered":"http:\/\/site.ombudsman.hr\/?p=526"},"modified":"2014-01-22T19:13:09","modified_gmt":"2014-01-22T18:13:09","slug":"prijava-diskriminacije","status":"publish","type":"post","link":"https:\/\/www.ombudsman.hr\/hr\/prijava-diskriminacije\/","title":{"rendered":"Prijava diskriminacije"},"content":{"rendered":"<p style=\"margin-top: 10px; margin-bottom: 15px; color: #333333; font-family: Arial, Helvetica, sans-serif; font-size: 12px; line-height: 16.200000762939453px;\">Pu\u010dkom pravobranitelju mo\u017eete se obratiti ako smatrate da ste diskriminirani, no mo\u017eete i podnijeti tu\u017ebu nadle\u017enom sudu radi utvr\u0111ivanja diskriminacije i naknade \u0161tete.<\/p>\n<p style=\"margin-top: 10px; margin-bottom: 15px; color: #333333; font-family: Arial, Helvetica, sans-serif; font-size: 12px; line-height: 16.200000762939453px;\"><strong>Va\u017eno: pu\u010dki je pravobranitelj nadle\u017ean postupati po pritu\u017ebama od 1. sije\u010dnja 2009., dakle, pritu\u017eba se treba odnositi na doga\u0111aje koji su uslijedili nakon 1. sije\u010dnja 2009. godine.<\/strong><\/p>\n<p style=\"margin-top: 10px; margin-bottom: 15px; color: #333333; font-family: Arial, Helvetica, sans-serif; font-size: 12px; line-height: 16.200000762939453px;\">Ukoliko se&nbsp;<strong>prije pokretanja postupka obratite pu\u010dkom pravobranitelju<\/strong>&nbsp;i prijavite diskriminaciju pru\u017eit \u0107e Vam se potrebne obavijesti o&nbsp; pravima i obvezama te mogu\u0107nostima sudske i druge za\u0161tite, Va\u0161a \u0107e se prijava diskriminacije ispitati te \u0107e pu\u010dki pravobranitelj poduzeti radnje iz svoje nadle\u017enosti potrebne za otklanjanje diskriminacije. Uz pristanak stranaka, u ovim slu\u010dajevima pu\u010dki pravobranitelj ima ovlasti provoditi postupak mirenja uz mogu\u0107nost sklapanja izvansudske nagodbe.<\/p>\n<p style=\"margin-top: 10px; margin-bottom: 15px; color: #333333; font-family: Arial, Helvetica, sans-serif; font-size: 12px; line-height: 16.200000762939453px;\">Ukoliko ste&nbsp;<strong>ve\u0107 pokrenuli sudski postupak<\/strong>, pu\u010dki pravobranitelj ne\u0107e mo\u0107i postupati po Va\u0161oj prijavi diskriminacije, ve\u0107 se&nbsp; eventualno u odre\u0111enim slu\u010dajevima mo\u0107i uklju\u010diti u spor kao umje\u0161a\u010d na Va\u0161oj strani.<\/p>\n<p style=\"margin-top: 10px; margin-bottom: 15px; color: #333333; font-family: Arial, Helvetica, sans-serif; font-size: 12px; line-height: 16.200000762939453px;\"><span style=\"text-decoration: underline;\"><strong>PRIJAVA DISKRIMINACIJE PU\u010cKOM PRAVOBRANITELJU<\/strong><\/span><\/p>\n<p style=\"margin-top: 10px; margin-bottom: 15px; color: #333333; font-family: Arial, Helvetica, sans-serif; font-size: 12px; line-height: 16.200000762939453px;\">Prije podno\u0161enja prijave diskriminacije predla\u017eemo pro\u010ditati&nbsp;<span style=\"color: #277bc0;\">\u0160to je diskriminacija?<\/span>&nbsp;na na\u0161im stranicama.<\/p>\n<p style=\"margin-top: 10px; margin-bottom: 15px; color: #333333; font-family: Arial, Helvetica, sans-serif; font-size: 12px; line-height: 16.200000762939453px;\">Iako prijavu diskriminacije nije obvezatno podnositi na ovom formularu, predla\u017eemo njegovo kori\u0161tenje kako biste bili sigurni da ste u prijavi naveli sve \u0161to je potrebno kako bismo po njoj mogli postupati.<\/p>\n<p style=\"margin-top: 10px; margin-bottom: 15px; color: #333333; font-family: Arial, Helvetica, sans-serif; font-size: 12px; line-height: 16.200000762939453px;\">\u2192&nbsp;<span style=\"color: #277bc0;\">Preuzmite formular<\/span><\/p>\n<p style=\"margin-top: 10px; margin-bottom: 15px; color: #333333; font-family: Arial, Helvetica, sans-serif; font-size: 12px; line-height: 16.200000762939453px;\">Prijave se \u0161alju na adresu:<\/p>\n<p style=\"margin-top: 10px; margin-bottom: 15px; color: #333333; font-family: Arial, Helvetica, sans-serif; font-size: 12px; line-height: 16.200000762939453px;\">PU\u010cKI PRAVOBRANITELJ<br \/>10 000 Zagreb<\/p>\n<p style=\"margin-top: 10px; margin-bottom: 15px; color: #333333; font-family: Arial, Helvetica, sans-serif; font-size: 12px; line-height: 16.200000762939453px;\">Trg hrvatskih velikana 6<br \/>&#8211; telefon :&nbsp; 01\/485-1855&nbsp;<br \/>&#8211; fax&nbsp;&nbsp;&nbsp;&nbsp;&nbsp; :&nbsp;&nbsp;01\/6431- 628<br \/>&#8211; e-mail&nbsp;:&nbsp;&nbsp;<a style=\"color: #277bc0;\" href=\"mailto:info@ombudsman.hr\">info@ombudsman.hr<\/a><\/p>\n<p style=\"margin-top: 10px; margin-bottom: 15px; color: #333333; font-family: Arial, Helvetica, sans-serif; font-size: 12px; line-height: 16.200000762939453px;\">Ukoliko&nbsp;<strong>ne koristite prilo\u017eeni formular<\/strong>, &nbsp;osnovni podaci koje je&nbsp;<strong>potrebno navesti u prijavi diskriminacije<\/strong>&nbsp;su:<\/p>\n<p style=\"margin-top: 10px; margin-bottom: 15px; color: #333333; font-family: Arial, Helvetica, sans-serif; font-size: 12px; line-height: 16.200000762939453px;\">&#8211; va\u0161e ime, prezime&nbsp;i adresa, po mogu\u0107nosti i telefon<\/p>\n<p style=\"margin-top: 10px; margin-bottom: 15px; color: #333333; font-family: Arial, Helvetica, sans-serif; font-size: 12px; line-height: 16.200000762939453px;\">(pu\u010dki pravobranitelj mo\u017ee ocijeniti potrebnim postupati i&nbsp; po anonimnim prijavama, no naravno &#8211; ne\u0107emo Vam mo\u0107i odgovoriti; ukoliko ne \u017eelite da tijelo\/osoba na koju se odnosi prijava sazna Va\u0161 identitet molimo to posebno navedite te \u0107emo Va\u0161 identitet za\u0161tititi)<\/p>\n<p style=\"margin-top: 10px; margin-bottom: 15px; color: #333333; font-family: Arial, Helvetica, sans-serif; font-size: 12px; line-height: 16.200000762939453px;\">&#8211; naziv tijela na koje se odnosi prijava diskriminacije,<\/p>\n<p style=\"margin-top: 10px; margin-bottom: 15px; color: #333333; font-family: Arial, Helvetica, sans-serif; font-size: 12px; line-height: 16.200000762939453px;\">&#8211; ukoliko se predmet ve\u0107 vodi &#8211; oznaka predmeta koji se vodi pred nadle\u017enim tijelom,<\/p>\n<p style=\"margin-top: 10px; margin-bottom: 15px; color: #333333; font-family: Arial, Helvetica, sans-serif; font-size: 12px; line-height: 16.200000762939453px;\">&#8211; opis diskriminacije:<\/p>\n<p style=\"margin-top: 10px; margin-bottom: 15px; color: #333333; font-family: Arial, Helvetica, sans-serif; font-size: 12px; line-height: 16.200000762939453px;\">1)&nbsp;<strong>navesti diskriminacijsku osnovu<\/strong>&nbsp;po kojoj smatrate da ste diskriminirani (npr. na osnovu dobi, etni\u010dke pripadnosti i sl.)<\/p>\n<p style=\"margin-top: 10px; margin-bottom: 15px; color: #333333; font-family: Arial, Helvetica, sans-serif; font-size: 12px; line-height: 16.200000762939453px;\">2)&nbsp;<strong>opisati diskriminatorno postupanje<\/strong>&nbsp;o kojem je rije\u010d (npr. vrije\u0111anje na radnom mjestu, uz navo\u0111enje detalja i eventualnih svjedoka)<\/p>\n<p style=\"margin-top: 10px; margin-bottom: 15px; color: #333333; font-family: Arial, Helvetica, sans-serif; font-size: 12px; line-height: 16.200000762939453px;\">Korisno je uz prijavu prilo\u017eiti kopije akata i ostalih relevantnih dokumenata.<\/p>\n","protected":false},"excerpt":{"rendered":"<p>Pu\u010dkom pravobranitelju mo\u017eete se obratiti ako smatrate da ste diskriminirani, no mo\u017eete i podnijeti tu\u017ebu nadle\u017enom sudu radi utvr\u0111ivanja diskriminacije i naknade \u0161tete. Va\u017eno: pu\u010dki je pravobranitelj nadle\u017ean postupati po pritu\u017ebama od 1. sije\u010dnja 2009., dakle, pritu\u017eba se treba odnositi na doga\u0111aje koji su uslijedili nakon 1. sije\u010dnja 2009. godine. Ukoliko se&nbsp;prije pokretanja postupka obratite [&hellip;]<\/p>\n","protected":false},"author":1,"featured_media":0,"comment_status":"open","ping_status":"open","sticky":false,"template":"","format":"standard","meta":{"footnotes":""},"categories":[157],"tags":[],"class_list":["post-526","post","type-post","status-publish","format-standard","hentry","category-informacije"],"_links":{"self":[{"href":"https:\/\/www.ombudsman.hr\/hr\/wp-json\/wp\/v2\/posts\/526","targetHints":{"allow":["GET"]}}],"collection":[{"href":"https:\/\/www.ombudsman.hr\/hr\/wp-json\/wp\/v2\/posts"}],"about":[{"href":"https:\/\/www.ombudsman.hr\/hr\/wp-json\/wp\/v2\/types\/post"}],"author":[{"embeddable":true,"href":"https:\/\/www.ombudsman.hr\/hr\/wp-json\/wp\/v2\/users\/1"}],"replies":[{"embeddable":true,"href":"https:\/\/www.ombudsman.hr\/hr\/wp-json\/wp\/v2\/comments?post=526"}],"version-history":[{"count":0,"href":"https:\/\/www.ombudsman.hr\/hr\/wp-json\/wp\/v2\/posts\/526\/revisions"}],"wp:attachment":[{"href":"https:\/\/www.ombudsman.hr\/hr\/wp-json\/wp\/v2\/media?parent=526"}],"wp:term":[{"taxonomy":"category","embeddable":true,"href":"https:\/\/www.ombudsman.hr\/hr\/wp-json\/wp\/v2\/categories?post=526"},{"taxonomy":"post_tag","embeddable":true,"href":"https:\/\/www.ombudsman.hr\/hr\/wp-json\/wp\/v2\/tags?post=526"}],"curies":[{"name":"wp","href":"https:\/\/api.w.org\/{rel}","templated":true}]}}