{"id":5229,"date":"2019-05-03T13:29:17","date_gmt":"2019-05-03T13:29:17","guid":{"rendered":"https:\/\/site2.ombudsman.hr\/hr\/?p=5229"},"modified":"2019-07-02T11:58:22","modified_gmt":"2019-07-02T11:58:22","slug":"svjetski-dan-slobode-medija-2","status":"publish","type":"post","link":"https:\/\/www.ombudsman.hr\/hr\/svjetski-dan-slobode-medija-2\/","title":{"rendered":"Svjetski dan slobode medija"},"content":{"rendered":"<p>Svjetski dan slobode medija obilje\u017eava se 3. svibnja, a 1993. ga je po prvi put proglasila Op\u0107a skup\u0161tina UN-a na prijedlog UNESCO-a. Ove godine, sredi\u0161nja tema je Novinarstvo i izbori u vremenima dezinformiranja. Upravo iz \u010dinjenice da se neto\u010dne informacije sve \u010de\u0161\u0107e prikazuju kao vijesti, izvire potreba za podsje\u0107anjem na temeljna na\u010dela slobode medija, kao i za obranom medija od napada na njihovu neovisnost.<\/p>\n<p>Prema indeksu medijskih sloboda Reportera bez granica, stanje medija u Hrvatskoj se u 2018. popravilo u odnosu na prethodnu godinu te se sa nikad goreg 74. mjesta medijski slobodnih zemalja u 2017., sada nalazi na 69. mjestu. Premda to ohrabruje, valja istaknuti da je ovo drugi najgori rezultat od 2013. godine te da je brojne sudske postupke koji su pokrenuti protiv novinara i medija u Hrvatskoj, Europska federacija novinara (EFJ) okarakterizirala kao zlouporabu prava te stanje koje je gore nego u Srbiji, Bugarskoj, Ma\u0111arskoj ili Turskoj, kao i kako su postupci koji se pokre\u0107u protiv novinara, urednika i nakladnika, a posebice njihovog strukovnog udru\u017eenja, nezapam\u0107en slu\u010daj ne samo u Hrvatskoj nego i na podru\u010dju \u010ditave EU. Reporteri bez granica ukazali su na i povredu neovisnosti HRT-a, za koju smatraju da je pod politi\u010dkim utjecajem, dok se EFJ osvr\u0107e na Izvje\u0161taj Medijske organizacije jugoisto\u010dne Europe u kojem se navodi da postoje naznake lak\u0161eg oblika cenzure u nekim medijima te predla\u017ee da se sve politi\u010dke stranke suzdr\u017ee od uplitanja u ure\u0111iva\u010dku politiku javnog servisa.<\/p>\n<p>U Hrvatskoj, na slobodu medija utje\u010de i pitanje pre\u0161iroke, odnosno dvostruke (gra\u0111anske i kaznene) odgovornosti novinara, urednika i nakladnika te neujedna\u010dena sudska praksa koja produbljuje pravnu nesigurnost u obavljanju novinarskog posla. Pored toga, dobra namjera dono\u0161enja zakona o sprje\u010davanju neprimjerenog pona\u0161anja na dru\u0161tvenim mre\u017eama radi suzbijanja i progona elektroni\u010dkog\/virtualnog nasilja, govora mr\u017enje te la\u017enih vijesti, bez prethodnog jasnog definiranja \u0161to je nezakoniti govor mr\u017enje te tko je ovla\u0161ten odlu\u010divati je li prekora\u010dena sloboda izra\u017eavanja, mo\u017ee dovesti do cenzure. Napretka nema niti u financiranju neprofitnih medija pa se i dalje oslanjaju na dobru volju gra\u0111ana koji ih financiraju putem donacija.<\/p>\n<p>U kontekstu novinarstva i izbora kao ovogodi\u0161njeg fokusa, pu\u010dka pravobraniteljica pridru\u017eila se <a href=\"hr\/naslovna\/novost\/1546-preporuka-equinet-a-za-suzbijanje-diskriminacije-i-govora-mrznje-u-predizbornim-kampanjama-modulnaslovna\">preporuci Europske mre\u017ee tijela za promicanje jednakosti (EQUINET)<\/a> iz o\u017eujka 2019. izdanim radi suzbijanja diskriminacije i govora mr\u017enje u predizbornim kampanjama, gdje se dodatno ukazuje da se, pored politi\u010dara, i mediji trebaju tijekom pra\u0107enja predizbornih kampanja suzdr\u017eavati od govora mr\u017enje, a o njemu izvje\u0161tavati odgovorno i s kriti\u010dkim osvrtom.<\/p>\n<p>Vi\u0161e o <a href=\"hr\/component\/jdownloads\/send\/84-2018\/1534-izvjesce-pucke-pravobraniteljice-za-2018-godinu#page=195\">medijskim slobodama<\/a> u Hrvatskoj mo\u017eete pro\u010ditati u <a href=\"hr\/component\/jdownloads\/send\/84-2018\/1534-izvjesce-pucke-pravobraniteljice-za-2018-godinu\">Izvje\u0161\u0107u pu\u010dke pravobraniteljice za 2018.<\/a><\/p>\n<p>&nbsp;<\/p>\n<p>&nbsp;<\/p>\n","protected":false},"excerpt":{"rendered":"<p>Svjetski dan slobode medija obilje\u017eava se 3. svibnja, a 1993. ga je po prvi put proglasila Op\u0107a skup\u0161tina UN-a na prijedlog UNESCO-a. Ove godine, sredi\u0161nja tema je Novinarstvo i izbori u vremenima dezinformiranja. Upravo iz \u010dinjenice da se neto\u010dne informacije sve \u010de\u0161\u0107e prikazuju kao vijesti, izvire potreba za podsje\u0107anjem na temeljna na\u010dela slobode medija, kao [&hellip;]<\/p>\n","protected":false},"author":4,"featured_media":5230,"comment_status":"open","ping_status":"open","sticky":false,"template":"","format":"standard","meta":{"footnotes":""},"categories":[2090],"tags":[296,1288],"class_list":["post-5229","post","type-post","status-publish","format-standard","has-post-thumbnail","hentry","category-novosti","tag-equinet","tag-zastita-i-promocija-ljudskih-prava"],"_links":{"self":[{"href":"https:\/\/www.ombudsman.hr\/hr\/wp-json\/wp\/v2\/posts\/5229","targetHints":{"allow":["GET"]}}],"collection":[{"href":"https:\/\/www.ombudsman.hr\/hr\/wp-json\/wp\/v2\/posts"}],"about":[{"href":"https:\/\/www.ombudsman.hr\/hr\/wp-json\/wp\/v2\/types\/post"}],"author":[{"embeddable":true,"href":"https:\/\/www.ombudsman.hr\/hr\/wp-json\/wp\/v2\/users\/4"}],"replies":[{"embeddable":true,"href":"https:\/\/www.ombudsman.hr\/hr\/wp-json\/wp\/v2\/comments?post=5229"}],"version-history":[{"count":1,"href":"https:\/\/www.ombudsman.hr\/hr\/wp-json\/wp\/v2\/posts\/5229\/revisions"}],"predecessor-version":[{"id":5231,"href":"https:\/\/www.ombudsman.hr\/hr\/wp-json\/wp\/v2\/posts\/5229\/revisions\/5231"}],"wp:featuredmedia":[{"embeddable":true,"href":"https:\/\/www.ombudsman.hr\/hr\/wp-json\/wp\/v2\/media\/5230"}],"wp:attachment":[{"href":"https:\/\/www.ombudsman.hr\/hr\/wp-json\/wp\/v2\/media?parent=5229"}],"wp:term":[{"taxonomy":"category","embeddable":true,"href":"https:\/\/www.ombudsman.hr\/hr\/wp-json\/wp\/v2\/categories?post=5229"},{"taxonomy":"post_tag","embeddable":true,"href":"https:\/\/www.ombudsman.hr\/hr\/wp-json\/wp\/v2\/tags?post=5229"}],"curies":[{"name":"wp","href":"https:\/\/api.w.org\/{rel}","templated":true}]}}