{"id":5215,"date":"2019-05-02T13:30:03","date_gmt":"2019-05-02T13:30:03","guid":{"rendered":"https:\/\/site2.ombudsman.hr\/hr\/?p=5215"},"modified":"2020-12-22T15:52:21","modified_gmt":"2020-12-22T13:52:21","slug":"predmet-opcina-sveti-filip-i-jakov-15-godina-ne-uspijeva-pronaci-zemlju-za-izgradnju-kuce-branitelja","status":"publish","type":"post","link":"https:\/\/www.ombudsman.hr\/hr\/predmet-opcina-sveti-filip-i-jakov-15-godina-ne-uspijeva-pronaci-zemlju-za-izgradnju-kuce-branitelja\/","title":{"rendered":"Predmet: Op\u0107ina Sveti Filip i Jakov 15 godina ne uspijeva prona\u0107i zemlju za izgradnju ku\u0107e branitelja"},"content":{"rendered":"<p>Najve\u0107i porast broja pritu\u017ebi pu\u010dkoj pravobraniteljici u 2018. godini zabilje\u017een je u podru\u010dju prava branitelja i \u010dlanova njihovih obitelji, pri \u010demu se me\u0111u problemima na koje se pritu\u017euju, nalaze i te\u0161ko\u0107e pri stambenom zbrinjavanju. Unato\u010d aktivnostima Ministarstva hrvatskih branitelja, koje je u 2018. godini dodijelilo 66 stanova, 404 stambena kredita i financijskih potpora u vrijednosti vi\u0161oj od 46 milijuna kuna te je nastavilo sa sanacijom derutnih stanova od drugih dr\u017eavnih tijela i organiziranom stambenom izgradnjom, potrebe za stambenim zbrinjavanjem branitelja jo\u0161 uvijek zna\u010dajno nadilaze postoje\u0107e mogu\u0107nosti. Naime, jo\u0161 uvijek je nerije\u0161eno \u010dak 10.730 zahtjeva za dodjelu stambenih kredita te 509 zahtjeva za financijske potpore, \u0161to pokazuje da su stambeni problemi branitelja i njihovih obitelji zna\u010dajno izra\u017eeni i da treba posvetiti vi\u0161e pa\u017enje i napora njihovom rje\u0161avanju.<\/p>\n<p>Posebno je zabrinjavaju\u0107e \u0161to pojedine jedinice lokalne samouprave ne ustupaju gra\u0111evinska zemlji\u0161ta braniteljima kojima su dodijeljeni stambeni krediti, iako su to obvezne sukladno ranijem Zakonu o pravima hrvatskih branitelja iz Domovinskog rata i \u010dlanova njihovih obitelji, a isto je pravo predvi\u0111eno i \u010dlankom 87. va\u017ee\u0107eg Zakona o hrvatskim braniteljima iz Domovinskog rata i \u010dlanovima njihovih obitelji. K tome, velik broj jedinica lokalne samouprave ne predvi\u0111a zemlji\u0161ta za tu namjenu u urrbanisti\u010dkim planovima, izme\u0111u ostalog i zbog nerije\u0161enih imovinsko-pravnih odnosa s dr\u017eavom.<\/p>\n<p>S kakvim se problemima branitelji susre\u0107u pri rje\u0161avanju svojeg stambenog pitanja dobro pokazuje primjer branitelja i hrvatskog ratnog vojnog invalida iz Op\u0107ine Sveti Filip i Jakov koji se 2015. obratio pu\u010dkoj pravobraniteljici, radi odugovla\u010denja i nepo\u0161tivanja zakona od strane Op\u0107ine u postupku ustupanja gra\u0111evinskog zemlji\u0161ta za izgradnju obiteljske ku\u0107e. Nakon \u0161to je pravobraniteljica provela ispitni postupak, utvr\u0111eno je kako mu je povrije\u0111eno pravo na stambeno zbrinjavanje iz Zakona o pravima hrvatskih branitelja iz Domovinskog rata. Obzirom na to, kao i da je od dana podno\u0161enja njegovog zahtjeva za ustupanje gra\u0111evinskog zemlji\u0161ta pro\u0161lo vi\u0161e od 10 godina te da jo\u0161 uvijek nije ostvario svoje pravo, a da od 2004. godine svaki mjesec pla\u0107a ratu kredita za izgradnju obiteljske ku\u0107e, pu\u010dka pravobraniteljica je jo\u0161 2016. Op\u0107ini Sveti Filip i Jakov preporu\u010dila da \u010dim prije poduzme mjere kojima bi se otklonile \u0161tetne posljedice nastale kr\u0161enjem pritu\u017eiteljevih prava. Osim toga, povodom preporuke pravobraniteljice, i Ministarstvo hrvatskih branitelja je Op\u0107inu Sveti Filip i Jakov 2016. godine podsjetilo na zakonsku obavezu ustupanja gra\u0111evinskog zemlji\u0161ta, te tra\u017eilo postupanje po njoj.<\/p>\n<p>Kako se Op\u0107ina na preporuku oglu\u0161ila, unato\u010d vi\u0161e po\u017eurnica i upozorenja, o tome je obavije\u0161teno i Ministarstvo uprave koje je tako\u0111er 2018. godine pozvalo Op\u0107inu Sveti Filip i Jakov da poduzme odgovaraju\u0107e mjere i radnje kako bi pritu\u017eitelj ostvario zakonom utvr\u0111eno pravo na ustupanje gra\u0111evinskog zemlji\u0161ta bez naknade te da o u\u010dinjenom izvijesti Upravnu inspekciju i pu\u010dku pravobraniteljicu.<\/p>\n<p>Unato\u010d svemu tome, Op\u0107ina Sveti Filip i Jakov do danas, unato\u010d preporukama i upozorenjima vi\u0161e tijela javne vlasti i pu\u010dke pravobraniteljice, nije ispunila svoju zakonom propisanu obavezu, a kao jedan od naj\u010de\u0161\u0107ih opravdavanja bilo je nepostojanje slobodnog gra\u0111evinskog zemlji\u0161ta za tu namjenu, jer su sve katastarske \u010destice predvi\u0111ene za gradnju prostornim planom Op\u0107ine, bile u vlasni\u0161tvu Republike Hrvatske.<\/p>\n<p>Me\u0111utim, u me\u0111uvremenu je otklonjena i ta prepreka obzirom da je RH temeljem Odluke Vlade o darovanju nekretnina u k.o. Sveti Filip i Jakov, u listopadu 2018. godine darovala Op\u0107ini Sveti Filip i Jakov gra\u0111evinska zemlji\u0161ta, odnosno 65 parcela me\u0111u kojima su i one za gradnju obiteljskih ku\u0107a. No, na temelju toga, na\u010delnik op\u0107ine je raspisao javni natje\u010daj za njihovu prodaju, i to za 62 nekretnine, radi \u010dega pritu\u017eitelju \u010dak niti sada nije ustupljeno gra\u0111evinsko zemlji\u0161ta za izgradnju obiteljske ku\u0107e. Osim toga, u rujnu 2018. godine raspisao je javni natje\u010daj za prodaju i drugog gra\u0111evinskog zemlji\u0161ta u vlasni\u0161tvu Op\u0107ine Sveti Filip i Jakov, iako je u svom o\u010ditovanju iz kolovoza 2018., dakle svega tri tjedna prije raspisivanja javnog natje\u010daja, pu\u010dkoj pravobraniteljici izri\u010dito naveo kako Op\u0107ina u svom vlasni\u0161tvu nema nekretnina koje bi u\u017eivale povjerenje u istinitost i potpunost zemlji\u0161nih knjiga.<\/p>\n<p>Obzirom na sve to, kao i na \u010dinjenicu da ovaj pritu\u017eitelj, branitelj i hrvatski ratni vojni invalid, unato\u010d vi\u0161egodi\u0161njem trudu i intervencijama raznih tijela do sada nije uspio ostvariti svoje zakonski utvr\u0111eno pravo na ustupanje gra\u0111evinskog zemlji\u0161ta bez naknade, koje je jedinica lokalne samouprave bila du\u017ena osigurati, pu\u010dka pravobraniteljica je u sije\u010dnju 2019. zatra\u017eila od Slu\u017ebe za inspekciju lokalne i podru\u010dne (regionalne) samouprave Ministarstva uprave, da poduzme mjere iz svoje nadle\u017enosti, kako bi se ova situcija otklonila. Me\u0111utim, unato\u010d proteku roka i po\u017eurnici, jo\u0161 uvijek nisu dostupne informacije o u\u010dinjenom, zbog \u010dega se rad u ovom predmetu, radi ispunjenja preporuke i ostvarenja pritu\u017eiteljevih prava, nastavlja.<\/p>\n<p>Za razliku od toga, i kao pozitivan primjer, dobro je istaknuti slu\u010daj branitelja koji se pu\u010dkoj pravobraniteljici pritu\u017eio sredinom 2018., tako\u0111er radi odugovla\u010denja i nepo\u0161tivanja odredbi Zakona o hrvatskim braniteljima iz domovinskog rata i \u010dlanovima njihovih obitelji od strane Grada Osijeka, u postupku ustupanja gra\u0111evinskog zemlji\u0161ta za izgradnju obiteljske ku\u0107e. Njemu je Ministarstvo hrvatskih branitelja rje\u0161enjem iz o\u017eujka 2017., dodijelilo financijsku potporu za izgradnju prve nekretnine pa se temeljem toga zamolbom za dodjelu gra\u0111evinskog zemlji\u0161ta obratio Gradu Osijeku, no \u010dak godinu dana nakon toga, o njegovu zahtjevu nije bilo odlu\u010deno niti je dobio ikakav odgovor.<\/p>\n<p>Pravobraniteljica je pokrenula ispitni postupak te je zatra\u017eila informacije o postupku dodijele gra\u0111evinskog zemlji\u0161ta ovom branitelju, odnosno o svim poduzetim mjerama i aktivnostima radi provo\u0111enja zakonskih obveza prema hrvatskim braniteljima iz Domovinskog rata. Unato\u010d vi\u0161ekratnim nastojanjima, dopisima i po\u017eurnicama od Grada Osijeka nije dobila tra\u017eene informacije, nakon \u010dega je, kao i u slu\u010daju branitelja iz Op\u0107ine Sv. Filip i Jakov, od Ministarstva uprave zatra\u017eila inspekcijski nadzor. Nakon toga, Slu\u017eba za inspekciju lokalne i podru\u010dne (regionalne) samouprave Ministarstva uprave obratila se Uredu dr\u017eavne uprave u Osje\u010dko-baranjskoj \u017eupaniji i Gradu Osijeku, a Grad Osijek je kona\u010dno, 28. o\u017eujka 2019. s ovim braniteljem potpisao ugovor o ustupanju gra\u0111evinskog zemlji\u0161ta radi stambenog zbrinjavanja izgradnjom obiteljske ku\u0107e.<\/p>\n<p>&nbsp;<\/p>\n","protected":false},"excerpt":{"rendered":"<p>Najve\u0107i porast broja pritu\u017ebi pu\u010dkoj pravobraniteljici u 2018. godini zabilje\u017een je u podru\u010dju prava branitelja i \u010dlanova njihovih obitelji, pri \u010demu se me\u0111u problemima na koje se pritu\u017euju, nalaze i te\u0161ko\u0107e pri stambenom zbrinjavanju. Unato\u010d aktivnostima Ministarstva hrvatskih branitelja, koje je u 2018. godini dodijelilo 66 stanova, 404 stambena kredita i financijskih potpora u vrijednosti [&hellip;]<\/p>\n","protected":false},"author":4,"featured_media":5216,"comment_status":"open","ping_status":"open","sticky":false,"template":"","format":"standard","meta":{"footnotes":""},"categories":[2090],"tags":[605,1965,1288],"class_list":["post-5215","post","type-post","status-publish","format-standard","has-post-thumbnail","hentry","category-novosti","tag-stanovanje","tag-primjeri","tag-zastita-i-promocija-ljudskih-prava"],"_links":{"self":[{"href":"https:\/\/www.ombudsman.hr\/hr\/wp-json\/wp\/v2\/posts\/5215","targetHints":{"allow":["GET"]}}],"collection":[{"href":"https:\/\/www.ombudsman.hr\/hr\/wp-json\/wp\/v2\/posts"}],"about":[{"href":"https:\/\/www.ombudsman.hr\/hr\/wp-json\/wp\/v2\/types\/post"}],"author":[{"embeddable":true,"href":"https:\/\/www.ombudsman.hr\/hr\/wp-json\/wp\/v2\/users\/4"}],"replies":[{"embeddable":true,"href":"https:\/\/www.ombudsman.hr\/hr\/wp-json\/wp\/v2\/comments?post=5215"}],"version-history":[{"count":1,"href":"https:\/\/www.ombudsman.hr\/hr\/wp-json\/wp\/v2\/posts\/5215\/revisions"}],"predecessor-version":[{"id":5217,"href":"https:\/\/www.ombudsman.hr\/hr\/wp-json\/wp\/v2\/posts\/5215\/revisions\/5217"}],"wp:featuredmedia":[{"embeddable":true,"href":"https:\/\/www.ombudsman.hr\/hr\/wp-json\/wp\/v2\/media\/5216"}],"wp:attachment":[{"href":"https:\/\/www.ombudsman.hr\/hr\/wp-json\/wp\/v2\/media?parent=5215"}],"wp:term":[{"taxonomy":"category","embeddable":true,"href":"https:\/\/www.ombudsman.hr\/hr\/wp-json\/wp\/v2\/categories?post=5215"},{"taxonomy":"post_tag","embeddable":true,"href":"https:\/\/www.ombudsman.hr\/hr\/wp-json\/wp\/v2\/tags?post=5215"}],"curies":[{"name":"wp","href":"https:\/\/api.w.org\/{rel}","templated":true}]}}