{"id":5171,"date":"2019-04-29T13:25:07","date_gmt":"2019-04-29T13:25:07","guid":{"rendered":"https:\/\/site2.ombudsman.hr\/hr\/?p=5171"},"modified":"2019-05-09T13:59:44","modified_gmt":"2019-05-09T13:59:44","slug":"pravobraniteljica-na-okruglom-stolu-hazu-a-o-polozaju-migranata-u-medunarodnom-i-europskom-pravu","status":"publish","type":"post","link":"https:\/\/www.ombudsman.hr\/hr\/pravobraniteljica-na-okruglom-stolu-hazu-a-o-polozaju-migranata-u-medunarodnom-i-europskom-pravu\/","title":{"rendered":"Pravobraniteljica na okruglom stolu HAZU-a o polo\u017eaju migranata u me\u0111unarodnom i europskom pravu"},"content":{"rendered":"<p>Brojna otvorena pitanja s kojima se susre\u0107e hrvatsko dru\u0161tvo i dr\u017eavna uprava kada je rije\u010d o pravnom polo\u017eaju migranata u Hrvatskoj razmotrena su na okruglom stolu Polo\u017eaj migranata u me\u0111unarodnom i europskom pravu, kojeg je u sklopu ciklusa Modernizacija prava, 4. travnja organiziralo Znanstveno vije\u0107e za dr\u017eavnu upravu, pravosu\u0111e i vladavinu prava Hrvatske akademije znanosti i umjetnosti.<\/p>\n<p>Prof. dr. sc. Davorin Lapa\u0161 s Pravnog fakulteta u Zagrebu pojasnio je razlike izme\u0111u pojmova migranta i izbjeglice te tra\u017eitelja azila, odnosno azilanata, o kojima i ovisi pravni polo\u017eaj osobe zate\u010dene u zemlji ili na granici. Izlaganje prof. dr. sc. Vesna Crni\u0107-Groti\u0107 s Pravnog fakulteta u Rijeci bilo je posve\u0107eno me\u0111unarodnim obvezama Hrvatske u za\u0161titi ljudskih prava migranata koja proizlazi iz odluka Europskog suda za ljudska prava, pri \u010demu se posebno osvrnula na obvezu po\u0161tivanja non-refoulmenta, izdvajaju\u0107i slu\u010dajeve u kojima je utvr\u0111ena konvencijska povreda zbog nepo\u0161tivanja tog prava prilikom postupanja prema migrantima na granici.<\/p>\n<p>Pu\u010dka pravobraniteljica Republike Hrvatske Lora Vidovi\u0107 govorila je o izazovima provedbe prava migranata na me\u0111unarodnu za\u0161titu s kojima se susretala u radu. Upozorila je da brojne pritu\u017ebe migranata govore o nasilnom postupanju policije, no istrage tih navoda nisu u\u010dinkovite i neovisne, a MUP Uredu pu\u010dke pravobraniteljice prakti\u010dno onemogu\u0107ava rad po tim pritu\u017ebama uskra\u0107uju\u0107i pristup podacima iz Informacijskog sustava.<\/p>\n<p>&#8211; MUP takvo postupanje obrazla\u017ee Uputom za dodjelu lozinki i odziva Slu\u017ebe za informatiku i interno provedenim konzultacijama, prema kojima se djelatnicima institucije pu\u010dkog pravobranitelja, pa i samoj pravobraniteljici, ne mo\u017ee dati neposredni uvid u Informacijski sustav, jer davanje lozinke i odziva drugim osobama koje nemaju ovla\u0161tenje, predstavljaju te\u017eu povredu slu\u017ebene du\u017enosti, sukladno Zakonu o policiji. U potpunosti je neprihvatljivo i nezakonito da interne konzultacije i Uputa o lozinki i odzivu predstavljaju osnovu uskrate, jer su u suprotnosti sa Zakonom\u2026 &#8211; kazala je Lora Vidovi\u0107.<\/p>\n<p>Doc dr. sc. Tomislav \u0160o\u0161i\u0107 s Pravnog fakulteta u Zagrebu osvrnuo se na problematiku spa\u0161avanja migranata na moru te naknadnog postupanja prema njima, a prof. dr. sc. Ivana Kunda s Pravnog fakulteta u Rijeci objasnila je kako o pitanjima me\u0111unarodnog privatnog prava ovisi \u010ditav niz drugih prava uklju\u010duju\u0107i pravo na obiteljski \u017eivot, socijalna prava, pravo na zdravstvenu skrb, na obrazovanje, radna, fiskalna prava i druga. Doc. dr. sc. Helga \u0160padina s Pravnog fakulteta u Osijeku govorila je o pristupu migranata hrvatskom tr\u017ei\u0161tu rada, koje ne odgovara suvremenim potrebama ekonomije, posebice u sferi kvota koje se odre\u0111uju vi\u0161e od godinu dana unaprijed pa do trenutka kada trebaju biti realizirane zbog promijenjenih poslovnih ili tr\u017ei\u0161nih okolnosti, takva potreba vi\u0161e ne postoji.<\/p>\n<p>&nbsp;<\/p>\n","protected":false},"excerpt":{"rendered":"<p>Brojna otvorena pitanja s kojima se susre\u0107e hrvatsko dru\u0161tvo i dr\u017eavna uprava kada je rije\u010d o pravnom polo\u017eaju migranata u Hrvatskoj razmotrena su na okruglom stolu Polo\u017eaj migranata u me\u0111unarodnom i europskom pravu, kojeg je u sklopu ciklusa Modernizacija prava, 4. travnja organiziralo Znanstveno vije\u0107e za dr\u017eavnu upravu, pravosu\u0111e i vladavinu prava Hrvatske akademije znanosti [&hellip;]<\/p>\n","protected":false},"author":4,"featured_media":5172,"comment_status":"open","ping_status":"open","sticky":false,"template":"","format":"standard","meta":{"footnotes":""},"categories":[2090],"tags":[761,433],"class_list":["post-5171","post","type-post","status-publish","format-standard","has-post-thumbnail","hentry","category-novosti","tag-npm","tag-nacionalni-preventivni-mehanizam-npm"],"_links":{"self":[{"href":"https:\/\/www.ombudsman.hr\/hr\/wp-json\/wp\/v2\/posts\/5171","targetHints":{"allow":["GET"]}}],"collection":[{"href":"https:\/\/www.ombudsman.hr\/hr\/wp-json\/wp\/v2\/posts"}],"about":[{"href":"https:\/\/www.ombudsman.hr\/hr\/wp-json\/wp\/v2\/types\/post"}],"author":[{"embeddable":true,"href":"https:\/\/www.ombudsman.hr\/hr\/wp-json\/wp\/v2\/users\/4"}],"replies":[{"embeddable":true,"href":"https:\/\/www.ombudsman.hr\/hr\/wp-json\/wp\/v2\/comments?post=5171"}],"version-history":[{"count":2,"href":"https:\/\/www.ombudsman.hr\/hr\/wp-json\/wp\/v2\/posts\/5171\/revisions"}],"predecessor-version":[{"id":5174,"href":"https:\/\/www.ombudsman.hr\/hr\/wp-json\/wp\/v2\/posts\/5171\/revisions\/5174"}],"wp:featuredmedia":[{"embeddable":true,"href":"https:\/\/www.ombudsman.hr\/hr\/wp-json\/wp\/v2\/media\/5172"}],"wp:attachment":[{"href":"https:\/\/www.ombudsman.hr\/hr\/wp-json\/wp\/v2\/media?parent=5171"}],"wp:term":[{"taxonomy":"category","embeddable":true,"href":"https:\/\/www.ombudsman.hr\/hr\/wp-json\/wp\/v2\/categories?post=5171"},{"taxonomy":"post_tag","embeddable":true,"href":"https:\/\/www.ombudsman.hr\/hr\/wp-json\/wp\/v2\/tags?post=5171"}],"curies":[{"name":"wp","href":"https:\/\/api.w.org\/{rel}","templated":true}]}}