{"id":5162,"date":"2019-04-25T13:12:20","date_gmt":"2019-04-25T13:12:20","guid":{"rendered":"https:\/\/site2.ombudsman.hr\/hr\/?p=5162"},"modified":"2019-05-08T10:32:34","modified_gmt":"2019-05-08T10:32:34","slug":"suradnja-s-lokalnim-zajednicama-i-organizacijama-civilnog-drustva-kao-kljuc-suzbijanja-diskriminacije","status":"publish","type":"post","link":"https:\/\/www.ombudsman.hr\/hr\/suradnja-s-lokalnim-zajednicama-i-organizacijama-civilnog-drustva-kao-kljuc-suzbijanja-diskriminacije\/","title":{"rendered":"Suradnja s lokalnim zajednicama i organizacijama civilnog dru\u0161tva kao klju\u010d suzbijanja diskriminacije"},"content":{"rendered":"<p>Desetogodi\u0161njica primjene zakona kojim je instituciji pu\u010dkog pravobranitelja dodijeljen mandat sredi\u0161njeg tijela za borbu protiv diskriminacije obilje\u017eena je danas nacionalnom konferencijom u organizaciji pu\u010dke pravobraniteljice i Ku\u0107e ljudskih prava koja se odr\u017eava u Ku\u0107i Europe u Zagrebu. Suradnja s lokalnim zajednicama te organizacijama civilnog dru\u0161tva, istaknuto je na konferenciji \u201e10 godina primjene Zakona o suzbijanju diskriminacije\u201c, klju\u010dna je za osvje\u0161tavanje gra\u0111ana o diskriminaciji i pravu da se od nje za\u0161tite.<\/p>\n<p>&#8211; Upravo lokalne jedinice imaju neposredan kontakt sa svojim mje\u0161tanima te najbolje poznaju lokalne potrebe i izazove. Ba\u0161 tu le\u017ei prilika za unaprijediti sustav za\u0161tite od diskriminacije: suradnja, me\u0111usobna razmjena informacija, iskustva i edukacija dr\u017eavnih i lokalnih aktera klju\u010dni su ne samo za provedbu Zakona, nego i izravno doprinose pobolj\u0161anju kvalitete \u017eivota svih gra\u0111ana \u2013 rekla je pu\u010dka pravobraniteljica Lora Vidovi\u0107.<\/p>\n<p>Kontakt s jedinicama lokalne i podru\u010dne samouprave va\u017ean je da informacija o pravima do\u0111e do onih kojima je doista i potrebna, gra\u0111ana i gra\u0111anki koji su diskriminirani i stavljeni u nepovoljniji polo\u017eaj, pa stoga i sve edukacijske i promotivne kampanje moraju biti i osmi\u0161ljene na taj na\u010din i u suradnji svih potencijalnih dionika.<\/p>\n<p>&#8211; Zbog toga od po\u010detka primjene Zakona, osim radom na pritu\u017ebama i izvje\u0161tavanjem, na suzbijanju diskriminacije radimo i kroz promotivne aktivnosti \u2013 odr\u017eavanjem edukacija, kampanji, distribuiranjem informativnih letaka, web stranicom, anti-diskriminacijskom mre\u017eom nevladinih udruga. Ve\u0107 godinama posje\u0107ujemo lokalne zajednice, gdje kroz razgovor s predstavnicima tijela lokalne i podru\u010dne samouprave, nacionalnih manjina i udruga, ali i sa samim gra\u0111anima, poku\u0161avamo dobiti potpunu sliku na\u0161e stvarnosti te kroz preporuke nadle\u017enim tijelima upozoravamo na potrebu sna\u017enijeg po\u0161tivanja ljudskih prava i suzbijanje diskriminacije u Hrvatskoj \u2013 kazala je pu\u010dka pravobraniteljica.<\/p>\n<p>Programski direktor Ku\u0107e ljudskih prava Ivan Novosel izdvojio je sporost pravosu\u0111a kao najve\u0107i problem u suzbijanju diskriminacije.<\/p>\n<p>&#8211; Ovo je dobra prilika za sagledavanje kako pobolj\u0161ati Zakon i njegovu primjenu. Najve\u0107i problem koji nas danas prati je sporost sudskih postupaka u vezi diskriminacije, posebice obzirom na to da bi se trebali voditi po hitnom postupku \u2013 rekao je programski direktor Ku\u0107e ljudskih prava Ivan Novosel.<\/p>\n<p>Zamjenica pu\u010dke pravobraniteljice Tena \u0160imonovi\u0107 Einwalter napomenula je da je pu\u010dkoj pravobraniteljici, kao sredi\u0161njem tijelu za suzbijanje diskriminacije izuzetno va\u017ena suradnja s organizacijama civilnog dru\u0161tva. Diskriminacija se nedovoljno prijavljuje jer gra\u0111ani nemaju sve potrebne informacije te nemaju povjerenje u institucije, istaknula je zamjenica pravobraniteljice, te je u tom smislu je izdvojila i ulogu medija, budu\u0107i da su gra\u0111ani \u010desto neinformirani kome i na koji na\u010din se obratiti kada smatraju da su diskriminirani.<\/p>\n<p>Va\u017enost medija u promicanju informacija o suzbijanju diskriminacije naglasila je i biv\u0161a predsjednica Vlade Jadranka Kosor koja je u vrijeme dono\u0161enja Zakona, bila potpredsjednica Vlade.<\/p>\n<p>&#8211; To je bilo vrijeme kad je Hrvatska \u017eeljela postati \u010dlanica EU te su provo\u0111ene brojne aktivnosti kako bi se u standardima koji se odnose na ljudska prava i jednakost, uskladili s europskom pravnom ste\u010devinom. Ponosna sam na ovaj zakon, no pitanje je bi li ga danas bilo mogu\u0107e donijeti \u2013 kazala je Kosor, dodav\u0161i da su je \u010dudili prijepori oko dono\u0161enja Zakona, jer se njime razra\u0111uje ustavno na\u010delo jednakosti. Osim toga, u javnosti i dalje nedovoljno govori o ravnopravnosti i suzbijanju diskriminacije, te je navela da u posljednje vrijeme na javnoj televiziji nije bilo jedne ozbiljne rasprave i diskusije o tome.<\/p>\n<p>Izvr\u0161na direktorica Europske mre\u017ee tijela za jednakost \u2013 Equinet-a, Anne Gaspard naglasila je klju\u010dnu ulogu tijela za jednakost u pru\u017eanju pomo\u0107i \u017ertvama i promoviranju po\u0161tovanja svih na\u010dela jednakog postupanja te uskla\u0111enih postupanja s obvezama prema nacionalnom i europskom antidiskriminacijskom pravu.<\/p>\n<p>&#8211; Equinet je zabrinut zbog rasta govora mr\u017enje i ekstremizma unutar Europe. Mnoga tijela za jednakost su pred razli\u010ditim izazovima koji umanjuju njihov potencijal i utjecaj te se nalaze pod pravim pritiskom posljednjih godina \u2013 rekla je Anne Gaspard.<\/p>\n<p>Ravnatelj Ureda za ljudska prava i prava nacionalnih manjina Alen Tahiri ocijenio je da je dono\u0161enje Zakona o suzbijanju diskriminacije bilo afirmativno za dru\u0161tvo u cjelini, jer je obuhvatio je \u0161iroku lepezu podru\u010dja i o\u017eivotvorio ustavno na\u010delo o jednakosti.<\/p>\n<p>U panel diskusijama na konferenciji raspravljalo se o iskustvima u primjeni Zakona o suzbijanju diskriminacije u Hrvatskoj, na lokalnoj i regionalnoj razini, a osobito o ulozi pravobraniteljskih institucija te o primjeni tog Zakona na sudovima. Me\u0111u sudionicima u raspravama bili su i predstavnici Europske mre\u017ee tijela za jednakost \u2013 Equinet-a, suci Ustavnog, Vrhovnog i Upravnog suda u Rijeci, posebne pravobraniteljice, predstavnici jedinica lokalne samouprave iz Hrvatske i Europe, Ureda za ljudska prava i prava nacionalnih manjina, organizacija civilnog dru\u0161tva, novinari, nezavisni stru\u010dnjaci i drugi.<\/p>\n<p>&nbsp;<\/p>\n","protected":false},"excerpt":{"rendered":"<p>Desetogodi\u0161njica primjene zakona kojim je instituciji pu\u010dkog pravobranitelja dodijeljen mandat sredi\u0161njeg tijela za borbu protiv diskriminacije obilje\u017eena je danas nacionalnom konferencijom u organizaciji pu\u010dke pravobraniteljice i Ku\u0107e ljudskih prava koja se odr\u017eava u Ku\u0107i Europe u Zagrebu. Suradnja s lokalnim zajednicama te organizacijama civilnog dru\u0161tva, istaknuto je na konferenciji \u201e10 godina primjene Zakona o suzbijanju [&hellip;]<\/p>\n","protected":false},"author":4,"featured_media":5163,"comment_status":"open","ping_status":"open","sticky":false,"template":"","format":"standard","meta":{"footnotes":""},"categories":[2090],"tags":[629,883],"class_list":["post-5162","post","type-post","status-publish","format-standard","has-post-thumbnail","hentry","category-novosti","tag-suzbijanje-diskriminacije","tag-konferencija"],"_links":{"self":[{"href":"https:\/\/www.ombudsman.hr\/hr\/wp-json\/wp\/v2\/posts\/5162","targetHints":{"allow":["GET"]}}],"collection":[{"href":"https:\/\/www.ombudsman.hr\/hr\/wp-json\/wp\/v2\/posts"}],"about":[{"href":"https:\/\/www.ombudsman.hr\/hr\/wp-json\/wp\/v2\/types\/post"}],"author":[{"embeddable":true,"href":"https:\/\/www.ombudsman.hr\/hr\/wp-json\/wp\/v2\/users\/4"}],"replies":[{"embeddable":true,"href":"https:\/\/www.ombudsman.hr\/hr\/wp-json\/wp\/v2\/comments?post=5162"}],"version-history":[{"count":1,"href":"https:\/\/www.ombudsman.hr\/hr\/wp-json\/wp\/v2\/posts\/5162\/revisions"}],"predecessor-version":[{"id":5164,"href":"https:\/\/www.ombudsman.hr\/hr\/wp-json\/wp\/v2\/posts\/5162\/revisions\/5164"}],"wp:featuredmedia":[{"embeddable":true,"href":"https:\/\/www.ombudsman.hr\/hr\/wp-json\/wp\/v2\/media\/5163"}],"wp:attachment":[{"href":"https:\/\/www.ombudsman.hr\/hr\/wp-json\/wp\/v2\/media?parent=5162"}],"wp:term":[{"taxonomy":"category","embeddable":true,"href":"https:\/\/www.ombudsman.hr\/hr\/wp-json\/wp\/v2\/categories?post=5162"},{"taxonomy":"post_tag","embeddable":true,"href":"https:\/\/www.ombudsman.hr\/hr\/wp-json\/wp\/v2\/tags?post=5162"}],"curies":[{"name":"wp","href":"https:\/\/api.w.org\/{rel}","templated":true}]}}