{"id":3798,"date":"2019-01-25T14:36:20","date_gmt":"2019-01-25T14:36:20","guid":{"rendered":"https:\/\/site2.ombudsman.hr\/?p=3798"},"modified":"2020-12-22T16:05:03","modified_gmt":"2020-12-22T14:05:03","slug":"zastita-od-em-polja-pocinje-se-jace-regulirati-ali-postoji-jos-prostora-za-poboljsanje-zastite-zdravlja-ljudi-modulnaslovna","status":"publish","type":"post","link":"https:\/\/www.ombudsman.hr\/hr\/zastita-od-em-polja-pocinje-se-jace-regulirati-ali-postoji-jos-prostora-za-poboljsanje-zastite-zdravlja-ljudi-modulnaslovna\/","title":{"rendered":"Za\u0161tita od elektromagnetskih polja po\u010dinje se ja\u010de regulirati, ali postoji jo\u0161 prostora za pobolj\u0161anje za\u0161tite zdravlja ljudi"},"content":{"rendered":"<p>Ministarstvo zdravstva pristupilo je izradi izmjena i dopuna Pravilnika o za\u0161titi od elektromagnetskih polja \u010dije unapre\u0111enje pu\u010dka pravobraniteljica kontinuirano preporu\u010duje jo\u0161 od 2014. godine.<\/p>\n<p>Svjetska zdravstvena organizacija klasificirala je zra\u010denje elektromagnetskih polja kao mogu\u0107e kancerogeno za ljude (kategorija 2B), dok su Europska unija i Vije\u0107e Europe svojim rezolucijama zauzeli stajali\u0161te da je prilikom njihovog kori\u0161tenja potrebno primjenjivati na\u010dela predostro\u017enosti, dovoljnosti i uklju\u010denosti. Primjena ovih na\u010dela treba osigurati pobolj\u0161anje postoje\u0107ih mehanizama za\u0161tite zdravlja ljudi.<\/p>\n<p><!--more--><\/p>\n<p>Pravobraniteljica je podr\u017eala dio novosti u predlo\u017eenim izmjenama, me\u0111u ostalim obvezu korisnika izvora elektromagnetskih polja da izvr\u0161i dodatna mjerenja i dostavi te rezultate zainteresiranoj javnosti i Ministarstvu, kao i propisivanje vremenskog ograni\u010denja za prva mjerenja od pu\u0161tanja stanice u rad. Za pobolj\u0161anje za\u0161tite zdravlja ljudi bilo bi potrebno dodatno ograni\u010diti taj rok na maksimalno do 30 dana. Me\u0111u ostalim prijedlozima pravobraniteljice je i uvo\u0111enje podjele na vanjska i unutarnja podru\u010dja pove\u0107ane osjetljivosti, odre\u0111ivanje minimalne udaljenosti, ali i visine baznih stanica u odnosu na ostale zgrade, posebice stambene i obrazovne, kako bi se jakost elektromagnetskih polja mogla odrediti i ovisno o tome.<\/p>\n<p>O\u010dekuje se da \u0107e Ministarstvo polovicom velja\u010de objaviti izvje\u0161\u0107e o provedenom savjetovanju u kojem \u0107e izvijestiti koje je prijedloge prihvatilo, a koje odbilo i za\u0161to. Pu\u010dka pravobraniteljica kontinuirano preporu\u010duje izradu novog Pravilnika jo\u0161 od svog izvje\u0161\u0107a za 2014. godinu, a u posljednja dva, za 2016 i 2017. godinu,<a href=\"hr\/izvjesca-2017\/izvjesce-pp-2017\/send\/82-izvjesca-2017\/1126-izvjesce-pucke-pravobraniteljice-za-2017-godinu#page=189\"> dodatno je preporu\u010dila ja\u010du suradnju Ministarstva zdravstva s Ministarstvom za\u0161tite okoli\u0161a i energetike te Ministarstvom graditeljstva i prostornog ure\u0111enja, kao i objavu popisa izvora elektromagnetskih polja<\/a>.<\/p>\n<p>Cjelovito mi\u0161ljenje mo\u017eete preuzeti na poveznici ispod teksta.<\/p>\n<p><a href=\"https:\/\/site2.ombudsman.hr\/wp-content\/uploads\/2019\/01\/Mi\u0161ljenje-MZ.doc\">Mi\u0161ljenje MZ<\/a><\/p>\n","protected":false},"excerpt":{"rendered":"<p>Ministarstvo zdravstva pristupilo je izradi izmjena i dopuna Pravilnika o za\u0161titi od elektromagnetskih polja \u010dije unapre\u0111enje pu\u010dka pravobraniteljica kontinuirano preporu\u010duje jo\u0161 od 2014. godine. Svjetska zdravstvena organizacija klasificirala je zra\u010denje elektromagnetskih polja kao mogu\u0107e kancerogeno za ljude (kategorija 2B), dok su Europska unija i Vije\u0107e Europe svojim rezolucijama zauzeli stajali\u0161te da je prilikom njihovog kori\u0161tenja [&hellip;]<\/p>\n","protected":false},"author":1,"featured_media":4488,"comment_status":"open","ping_status":"open","sticky":false,"template":"","format":"standard","meta":{"footnotes":""},"categories":[2090],"tags":[696,702,1965,1288],"class_list":["post-3798","post","type-post","status-publish","format-standard","has-post-thumbnail","hentry","category-novosti","tag-zastita-okolisa","tag-zdravlje","tag-primjeri","tag-zastita-i-promocija-ljudskih-prava"],"_links":{"self":[{"href":"https:\/\/www.ombudsman.hr\/hr\/wp-json\/wp\/v2\/posts\/3798","targetHints":{"allow":["GET"]}}],"collection":[{"href":"https:\/\/www.ombudsman.hr\/hr\/wp-json\/wp\/v2\/posts"}],"about":[{"href":"https:\/\/www.ombudsman.hr\/hr\/wp-json\/wp\/v2\/types\/post"}],"author":[{"embeddable":true,"href":"https:\/\/www.ombudsman.hr\/hr\/wp-json\/wp\/v2\/users\/1"}],"replies":[{"embeddable":true,"href":"https:\/\/www.ombudsman.hr\/hr\/wp-json\/wp\/v2\/comments?post=3798"}],"version-history":[{"count":3,"href":"https:\/\/www.ombudsman.hr\/hr\/wp-json\/wp\/v2\/posts\/3798\/revisions"}],"predecessor-version":[{"id":4489,"href":"https:\/\/www.ombudsman.hr\/hr\/wp-json\/wp\/v2\/posts\/3798\/revisions\/4489"}],"wp:featuredmedia":[{"embeddable":true,"href":"https:\/\/www.ombudsman.hr\/hr\/wp-json\/wp\/v2\/media\/4488"}],"wp:attachment":[{"href":"https:\/\/www.ombudsman.hr\/hr\/wp-json\/wp\/v2\/media?parent=3798"}],"wp:term":[{"taxonomy":"category","embeddable":true,"href":"https:\/\/www.ombudsman.hr\/hr\/wp-json\/wp\/v2\/categories?post=3798"},{"taxonomy":"post_tag","embeddable":true,"href":"https:\/\/www.ombudsman.hr\/hr\/wp-json\/wp\/v2\/tags?post=3798"}],"curies":[{"name":"wp","href":"https:\/\/api.w.org\/{rel}","templated":true}]}}