{"id":3783,"date":"2018-12-31T10:48:07","date_gmt":"2018-12-31T10:48:07","guid":{"rendered":"https:\/\/site2.ombudsman.hr\/?p=3783"},"modified":"2019-05-08T12:08:06","modified_gmt":"2019-05-08T12:08:06","slug":"predavanje-o-govoru-mrznje-i-zlocinima-iz-mrznje-studentima-pravnog-fakulteta-u-rijeci","status":"publish","type":"post","link":"https:\/\/www.ombudsman.hr\/hr\/predavanje-o-govoru-mrznje-i-zlocinima-iz-mrznje-studentima-pravnog-fakulteta-u-rijeci\/","title":{"rendered":"Predavanje o govoru mr\u017enje i zlo\u010dinima iz mr\u017enje studentima Pravnog fakulteta u Rijeci"},"content":{"rendered":"<p><span lang=\"HR\">Savjetnica pu\u010dke pravobraniteljice Dijana Kesonja odr\u017eala je 20. prosinca studentima Pravnog fakulteta Sveu\u010dili\u0161ta u Rijeci predavanje o govoru mr\u017enje i zlo\u010dinima iz mr\u017enje u sudskoj praksi Republike Hrvatske.<\/span><\/p>\n<p><!--more--><\/p>\n<p><span lang=\"HR\">Studentima je predstavljen zakonodavni okvir, kao i primjeri iz sudske prakse vezani uz naj\u010de\u0161\u0107e diskriminacijske osnove kao povod uznemiravanju. Tako\u0111er, studentima je posebno svrnuta pa\u017enja da otegotnu okolnost, kad je rije\u010d o govoru mr\u017enje i zlo\u010dinu iz mr\u017enje, mo\u017ee predstavljati i upornost po\u010dinitelja prekr\u0161aja, a dodatno su poja\u0161njeni i drugi elementi po\u010diniteljeve odgovornosti poput dostupnosti govora mr\u017enje ve\u0107em broju osoba, razmjera dru\u0161tvene opasnosti ili uloge okrivljenika u dru\u0161tvu.<\/span><\/p>\n<p><span lang=\"HR\">\u0160to se ti\u010de kaznenih djela, savjetnica Dijana Kesonja skrenula je studentima pozornost na iznimno nizak broj op\u0107enito kaznenih postupaka vezanih uz diskriminaciju. Uz prezentaciju odabranih sudskih odluka u kaznenim predmetima, kroz pojedine primjere analizirana je i gra\u0111anskopravna odgovornost po\u010dinitelja za naknadu \u0161tete \u017ertvi diskriminacije. <\/span><\/p>\n<p>&nbsp;<\/p>\n","protected":false},"excerpt":{"rendered":"<p>Savjetnica pu\u010dke pravobraniteljice Dijana Kesonja odr\u017eala je 20. prosinca studentima Pravnog fakulteta Sveu\u010dili\u0161ta u Rijeci predavanje o govoru mr\u017enje i zlo\u010dinima iz mr\u017enje u sudskoj praksi Republike Hrvatske.<\/p>\n","protected":false},"author":1,"featured_media":4496,"comment_status":"open","ping_status":"open","sticky":false,"template":"","format":"standard","meta":{"footnotes":""},"categories":[2090],"tags":[629],"class_list":["post-3783","post","type-post","status-publish","format-standard","has-post-thumbnail","hentry","category-novosti","tag-suzbijanje-diskriminacije"],"_links":{"self":[{"href":"https:\/\/www.ombudsman.hr\/hr\/wp-json\/wp\/v2\/posts\/3783","targetHints":{"allow":["GET"]}}],"collection":[{"href":"https:\/\/www.ombudsman.hr\/hr\/wp-json\/wp\/v2\/posts"}],"about":[{"href":"https:\/\/www.ombudsman.hr\/hr\/wp-json\/wp\/v2\/types\/post"}],"author":[{"embeddable":true,"href":"https:\/\/www.ombudsman.hr\/hr\/wp-json\/wp\/v2\/users\/1"}],"replies":[{"embeddable":true,"href":"https:\/\/www.ombudsman.hr\/hr\/wp-json\/wp\/v2\/comments?post=3783"}],"version-history":[{"count":2,"href":"https:\/\/www.ombudsman.hr\/hr\/wp-json\/wp\/v2\/posts\/3783\/revisions"}],"predecessor-version":[{"id":4497,"href":"https:\/\/www.ombudsman.hr\/hr\/wp-json\/wp\/v2\/posts\/3783\/revisions\/4497"}],"wp:featuredmedia":[{"embeddable":true,"href":"https:\/\/www.ombudsman.hr\/hr\/wp-json\/wp\/v2\/media\/4496"}],"wp:attachment":[{"href":"https:\/\/www.ombudsman.hr\/hr\/wp-json\/wp\/v2\/media?parent=3783"}],"wp:term":[{"taxonomy":"category","embeddable":true,"href":"https:\/\/www.ombudsman.hr\/hr\/wp-json\/wp\/v2\/categories?post=3783"},{"taxonomy":"post_tag","embeddable":true,"href":"https:\/\/www.ombudsman.hr\/hr\/wp-json\/wp\/v2\/tags?post=3783"}],"curies":[{"name":"wp","href":"https:\/\/api.w.org\/{rel}","templated":true}]}}