{"id":2574,"date":"2018-01-13T17:13:21","date_gmt":"2018-01-13T17:13:21","guid":{"rendered":"http:\/\/ombudsman.hr\/site\/?p=39"},"modified":"2019-05-22T13:42:59","modified_gmt":"2019-05-22T13:42:59","slug":"sporazum-o-integritetu-kontrolni-mehanizam-za-ocuvanje-sredstava-eu-protiv-prijevara-i-korupcije","status":"publish","type":"post","link":"https:\/\/www.ombudsman.hr\/hr\/sporazum-o-integritetu-kontrolni-mehanizam-za-ocuvanje-sredstava-eu-protiv-prijevara-i-korupcije\/","title":{"rendered":"Sporazum o integritetu \u2013 kontrolni mehanizam za o\u010duvanje sredstava EU protiv prijevara i korupcije"},"content":{"rendered":"<p>Dana 10. lipnja u hotelu Westin u Zagebu, Transparency International Hrvatska organizirao je konferenciju u okviru prve faze zajedni\u010dkog projekta Transparency Internationala i Europske komisije pod nazivom\u00a0 \u201eSporazum o integritetu \u2013 kontrolni mehanizam za o\u010duvanje sredstava EU protiv prijevara i korupcije\u201c.<\/p>\n<p>Konferencija je bila od iznimne va\u017enosti za informiranje \u0161ire javnosti, ja\u010danje svijesti i podr\u0161ke aktivnostima koje se aktivno provode u podru\u010dju borbe protiv prijevara i korupcije u upravljanju europskim strukturnim i investicijskim fondovima. Cilj je bio doma\u0107im stru\u010dnjacima s podru\u010dja javne nabave, tijelima javne vlasti, korisnicima sredstava, investitorima, poduzetnicima, udrugama civilnog dru\u0161tva i javnosti predstaviti\u00a0Sporazum o integritetu.<\/p>\n<p><!--more--><\/p>\n<p>Sporazum o integritetu\u00a0je konkretan alat koji ima vi\u0161estruke pozitivne u\u010dinke, a primjenjuje se u mnogim dr\u017eavama Europske unije, tako da postoje iskustva i prakse primjene i provo\u0111enja. U aktualnom programskom razdoblju do 2020. godine u hrvatske regije ulo\u017eiti \u0107e se vi\u0161e od 10 milijardi eura iz europskih strukturnih i investicijskih fondova, \u0161to je jedan od glavnih izvora javnih ulaganja. U\u010dinkovito upravljanje i iskori\u0161tavanje kapaciteta podrazumijeva provo\u0111enje politike nulte tolerancije na korupciju.<\/p>\n<p>Na konferenciji \u00a0su sudjelovali \u00a0Inguna Krami\u0146a\u00a0iz Glavne uprave za regionalnu i urbanu politiku Europske komisije, analiti\u010darka\u00a0\u00c1gnes Czibik\u00a0iz Corruption Research Center Budimpe\u0161te, te\u00a0Michaela Rajkova\u00a0iz TI Bugarska. Od doma\u0107ih stru\u010dnjaka o faktorima rizika u postupcima javne nabave govorili su Goran Mate\u0161i\u0107, predsjednik Dr\u017eavne komisije za kontrolu postupaka javne nabave,\u00a0Filko Cezner, pomo\u0107nik ministra gospodarstva i\u00a0Tatjana Borovina, na\u010delnica Sektor za uspostavu i unapre\u0111enje rada sustava u Upravi za provedbu operativnih programa i me\u0111unarodnih instrumenata Ministarstva regionalnoga razvoja i fondova Europske unije. O iskustvima korisnika govorili su doma\u0107i konzultanti,\u00a0Ana Fresl, izvr\u0161na direktorica, Projekt jednako razvoj d.o.o i\u00a0Georgios Chatzigiagkou,\u00a0stariji konzultant iz tvrtke Logi\u010dka Matrica d.o.o, te gradona\u010delnik grada Lepoglave i saborski zastupnik\u00a0Marijan \u0160kvari\u0107.<\/p>\n<p>&nbsp;<\/p>\n","protected":false},"excerpt":{"rendered":"<p>Dana 10. lipnja u hotelu Westin u Zagebu, Transparency International Hrvatska organizirao je konferenciju u okviru prve faze zajedni\u010dkog projekta Transparency Internationala i Europske komisije pod nazivom\u00a0 \u201eSporazum o integritetu \u2013 kontrolni mehanizam za o\u010duvanje sredstava EU protiv prijevara i korupcije\u201c. Konferencija je bila od iznimne va\u017enosti za informiranje \u0161ire javnosti, ja\u010danje svijesti i podr\u0161ke [&hellip;]<\/p>\n","protected":false},"author":1,"featured_media":0,"comment_status":"open","ping_status":"open","sticky":false,"template":"","format":"standard","meta":{"footnotes":""},"categories":[1],"tags":[883,1095,987],"class_list":["post-2574","post","type-post","status-publish","format-standard","hentry","category-uncategorized","tag-konferencija","tag-organizacije-civilnog-drustva","tag-transparency-international"],"_links":{"self":[{"href":"https:\/\/www.ombudsman.hr\/hr\/wp-json\/wp\/v2\/posts\/2574","targetHints":{"allow":["GET"]}}],"collection":[{"href":"https:\/\/www.ombudsman.hr\/hr\/wp-json\/wp\/v2\/posts"}],"about":[{"href":"https:\/\/www.ombudsman.hr\/hr\/wp-json\/wp\/v2\/types\/post"}],"author":[{"embeddable":true,"href":"https:\/\/www.ombudsman.hr\/hr\/wp-json\/wp\/v2\/users\/1"}],"replies":[{"embeddable":true,"href":"https:\/\/www.ombudsman.hr\/hr\/wp-json\/wp\/v2\/comments?post=2574"}],"version-history":[{"count":2,"href":"https:\/\/www.ombudsman.hr\/hr\/wp-json\/wp\/v2\/posts\/2574\/revisions"}],"predecessor-version":[{"id":4658,"href":"https:\/\/www.ombudsman.hr\/hr\/wp-json\/wp\/v2\/posts\/2574\/revisions\/4658"}],"wp:attachment":[{"href":"https:\/\/www.ombudsman.hr\/hr\/wp-json\/wp\/v2\/media?parent=2574"}],"wp:term":[{"taxonomy":"category","embeddable":true,"href":"https:\/\/www.ombudsman.hr\/hr\/wp-json\/wp\/v2\/categories?post=2574"},{"taxonomy":"post_tag","embeddable":true,"href":"https:\/\/www.ombudsman.hr\/hr\/wp-json\/wp\/v2\/tags?post=2574"}],"curies":[{"name":"wp","href":"https:\/\/api.w.org\/{rel}","templated":true}]}}