{"id":2546,"date":"2014-01-27T09:22:25","date_gmt":"2014-01-27T09:22:25","guid":{"rendered":"http:\/\/site.ombudsman.hr\/?p=649"},"modified":"2019-05-22T12:51:19","modified_gmt":"2019-05-22T12:51:19","slug":"trening-za-regionalne-antidiskriminacijske-kontakt-tocke-stratesko-planiranje-rada-na-suzbijanju-diskriminacije-20-21-i-22-sijecnja-2014-godine-hotel-laguna-zagreb","status":"publish","type":"post","link":"https:\/\/www.ombudsman.hr\/hr\/trening-za-regionalne-antidiskriminacijske-kontakt-tocke-stratesko-planiranje-rada-na-suzbijanju-diskriminacije-20-21-i-22-sijecnja-2014-godine-hotel-laguna-zagreb\/","title":{"rendered":"Trening za regionalne antidiskriminacijske kontakt-to\u010dke"},"content":{"rendered":"<p style=\"text-align: justify;\">U okviru projekta &#8220;Biram dru\u0161tvo bez diskriminacije&#8221; koji nevladina organizacija Cenzura Plus provodi s partnerima, me\u0111u kojima je i Ured pu\u010dke pravobraniteljice, odr\u017ean je drugi po redu trening za regionalne antidiskriminacijske kontakt to\u010dke pu\u010dke pravobraniteljice.<\/p>\n<p>  <!--more-->  <\/p>\n<p style=\"text-align: justify;\">Trodnevni trening je odr\u017ean u Zagrebu, a svrha mu je bila informirati regionalne antidiskriminacijske kontakt to\u010dke s novinama u radu Ureda pu\u010dke pravobraniteljice, strukturom i metodologijom izrade Izvje\u0161\u0107a pu\u010dke pravobraniteljice za 2013. godinu te pojavama diskriminacije koje je Ured identificirao u 2013. i na koje \u0107e skrenuti pozornost u Izvje\u0161\u0107u. Trening je odr\u017ean u formi konzultacija izme\u0111u partnerskih organizacija i Ureda pu\u010dke pravobraniteljice tijekom kojih su se otvorila mnoga pitanja u vezi suradnje te istaknuli pojedini slu\u010dajevi i pojave diskriminacije u 2013. godini.<br \/>Uz predstavnice Ureda pu\u010dke pravobraniteljice, zamjenice Tenu \u0160imonovi\u0107 Einwalter i Jagodu Novak, kao i savjetnice, treningu su prisustvovali\/e predstavnici\/e iz kontakt to\u010daka &#8211; Cenzure Plus iz Splita, Centra za mir, pravne savjete i psihosocijalnu pomo\u0107 iz Vukovara, Centra za gra\u0111anske inicijative iz Pore\u010da, te Centra za mirovne studije iz Zagreba. Uz spomenute \u010detiri organizacije koje su prisustvovale treningu, regionalna antidiskriminacijska kontakt to\u010dka pu\u010dke pravobraniteljice je i Projekt gra\u0111anskih prava iz Siska.<\/p>\n","protected":false},"excerpt":{"rendered":"<p>U okviru projekta &#8220;Biram dru\u0161tvo bez diskriminacije&#8221; koji nevladina organizacija Cenzura Plus provodi s partnerima, me\u0111u kojima je i Ured pu\u010dke pravobraniteljice, odr\u017ean je drugi po redu trening za regionalne antidiskriminacijske kontakt to\u010dke pu\u010dke pravobraniteljice.<\/p>\n","protected":false},"author":1,"featured_media":0,"comment_status":"open","ping_status":"open","sticky":false,"template":"","format":"standard","meta":{"footnotes":""},"categories":[2090],"tags":[629,562],"class_list":["post-2546","post","type-post","status-publish","format-standard","hentry","category-novosti","tag-suzbijanje-diskriminacije","tag-regionalne-antidiskriminacijske-kontakt-tocke"],"_links":{"self":[{"href":"https:\/\/www.ombudsman.hr\/hr\/wp-json\/wp\/v2\/posts\/2546","targetHints":{"allow":["GET"]}}],"collection":[{"href":"https:\/\/www.ombudsman.hr\/hr\/wp-json\/wp\/v2\/posts"}],"about":[{"href":"https:\/\/www.ombudsman.hr\/hr\/wp-json\/wp\/v2\/types\/post"}],"author":[{"embeddable":true,"href":"https:\/\/www.ombudsman.hr\/hr\/wp-json\/wp\/v2\/users\/1"}],"replies":[{"embeddable":true,"href":"https:\/\/www.ombudsman.hr\/hr\/wp-json\/wp\/v2\/comments?post=2546"}],"version-history":[{"count":2,"href":"https:\/\/www.ombudsman.hr\/hr\/wp-json\/wp\/v2\/posts\/2546\/revisions"}],"predecessor-version":[{"id":5580,"href":"https:\/\/www.ombudsman.hr\/hr\/wp-json\/wp\/v2\/posts\/2546\/revisions\/5580"}],"wp:attachment":[{"href":"https:\/\/www.ombudsman.hr\/hr\/wp-json\/wp\/v2\/media?parent=2546"}],"wp:term":[{"taxonomy":"category","embeddable":true,"href":"https:\/\/www.ombudsman.hr\/hr\/wp-json\/wp\/v2\/categories?post=2546"},{"taxonomy":"post_tag","embeddable":true,"href":"https:\/\/www.ombudsman.hr\/hr\/wp-json\/wp\/v2\/tags?post=2546"}],"curies":[{"name":"wp","href":"https:\/\/api.w.org\/{rel}","templated":true}]}}