{"id":2525,"date":"2013-06-06T07:33:50","date_gmt":"2013-06-06T07:33:50","guid":{"rendered":"http:\/\/site.ombudsman.hr\/?p=481"},"modified":"2019-05-22T12:52:29","modified_gmt":"2019-05-22T12:52:29","slug":"drugi-sastanak-radne-grupe-lokalnih-samouprava-za-ukljucenje-roma","status":"publish","type":"post","link":"https:\/\/www.ombudsman.hr\/hr\/drugi-sastanak-radne-grupe-lokalnih-samouprava-za-ukljucenje-roma\/","title":{"rendered":"Drugi sastanak Radne grupe lokalnih samouprava za uklju\u010denje Roma"},"content":{"rendered":"<p style=\"text-align: justify;\">U okviru projekta Najbolja iskustva iz prakse za uklju\u010denje Roma (eng. BPRI) koji financira Europska unija i provodi OSCE Ured za demokratske institucije i ljudska prava (eng. ODIHR) u Sarajevu je uprili\u010dena trodnevna konferencija u svrhu razmjene iskustava izme\u0111u lokalnih samouprava, organizacija civilnog dru\u0161tva i institucija za za\u0161titu ljudskih prava na podru\u010dju zapadnog Balkana o uklju\u010denju\/integraciji Roma.<\/p>\n<p>  <!--more-->  <\/p>\n<p style=\"text-align: justify;\">Ovom prilikom je pred 50-ak sudionika predstavljen Regionalni izvje\u0161taj o anti-diskriminaciji i u\u010de\u0161\u0107u Roma u procesima dono\u0161enja odluka na lokalnom nivou.<\/p>\n<p style=\"text-align: justify;\">U svrhu \u0161to boljeg upoznavanja sa oblicima i dobrim praksama sudjelovanja Roma u dono\u0161enju odluka na lokalnom nivou uprili\u010den je posjet op\u0107ini Lukavac kraj Tuzle gdje \u017eivi oko 1.500 Roma \u010diji predstavnici sudjeluju u radu op\u0107inskog vije\u0107a, a za pitanja i probleme vezane uz romsku zajednicu op\u0107ina Lukavac je u okviru BPRI projekta zaposlila mladu Romkinju kao referenticu za romska pitanja.<\/p>\n<p style=\"text-align: justify;\">Kako je cilj opisanopg projekta doprinijeti uklju\u010denju Roma u dru\u0161tvu, pri \u010demu se aktivno zala\u017ee i ured pu\u010dke pravobraniteljice, osobito kroz aktivnosti posve\u0107ene suzbijanju diskriminacije prema Romima, tijekom konferencije sa osobitim zanimanjem raspravljalo se o razli\u010ditim prostupima i najboljim iskustvima iz prakse u borbi protiv diskriminacije Roma. Kao primjer dobre prakse iz Republike Hrvatske prikazano je mije\u0161anje Ureda pu\u010dke pravobraniteljice u sudski postupak utvr\u0111ivanja diskriminacije koje su dvije mlade Romkinje pokrenule protiv poslovnog objekta koji im nije odobrio zahtjev za obveznu praksu jer su romskog podrijetla, o \u010demu smo ve\u0107 ranije izvje\u0161tavali.<\/p>\n<p style=\"text-align: justify;\">Sljede\u0107i sastanak Radne grupe, koji \u0107e ujedno biti posljednji unutar ovog projekta koji zavr\u0161ava u studenom 2013. godine, najavljen je za jesen.<\/p>\n","protected":false},"excerpt":{"rendered":"<p>U okviru projekta Najbolja iskustva iz prakse za uklju\u010denje Roma (eng. BPRI) koji financira Europska unija i provodi OSCE Ured za demokratske institucije i ljudska prava (eng. ODIHR) u Sarajevu je uprili\u010dena trodnevna konferencija u svrhu razmjene iskustava izme\u0111u lokalnih samouprava, organizacija civilnog dru\u0161tva i institucija za za\u0161titu ljudskih prava na podru\u010dju zapadnog Balkana o [&hellip;]<\/p>\n","protected":false},"author":1,"featured_media":0,"comment_status":"open","ping_status":"open","sticky":false,"template":"","format":"standard","meta":{"footnotes":""},"categories":[2090],"tags":[572,629,883,1351,875],"class_list":["post-2525","post","type-post","status-publish","format-standard","hentry","category-novosti","tag-romska-manjina","tag-suzbijanje-diskriminacije","tag-konferencija","tag-odihr","tag-oess"],"_links":{"self":[{"href":"https:\/\/www.ombudsman.hr\/hr\/wp-json\/wp\/v2\/posts\/2525","targetHints":{"allow":["GET"]}}],"collection":[{"href":"https:\/\/www.ombudsman.hr\/hr\/wp-json\/wp\/v2\/posts"}],"about":[{"href":"https:\/\/www.ombudsman.hr\/hr\/wp-json\/wp\/v2\/types\/post"}],"author":[{"embeddable":true,"href":"https:\/\/www.ombudsman.hr\/hr\/wp-json\/wp\/v2\/users\/1"}],"replies":[{"embeddable":true,"href":"https:\/\/www.ombudsman.hr\/hr\/wp-json\/wp\/v2\/comments?post=2525"}],"version-history":[{"count":2,"href":"https:\/\/www.ombudsman.hr\/hr\/wp-json\/wp\/v2\/posts\/2525\/revisions"}],"predecessor-version":[{"id":5586,"href":"https:\/\/www.ombudsman.hr\/hr\/wp-json\/wp\/v2\/posts\/2525\/revisions\/5586"}],"wp:attachment":[{"href":"https:\/\/www.ombudsman.hr\/hr\/wp-json\/wp\/v2\/media?parent=2525"}],"wp:term":[{"taxonomy":"category","embeddable":true,"href":"https:\/\/www.ombudsman.hr\/hr\/wp-json\/wp\/v2\/categories?post=2525"},{"taxonomy":"post_tag","embeddable":true,"href":"https:\/\/www.ombudsman.hr\/hr\/wp-json\/wp\/v2\/tags?post=2525"}],"curies":[{"name":"wp","href":"https:\/\/api.w.org\/{rel}","templated":true}]}}