{"id":2481,"date":"2018-11-14T15:10:39","date_gmt":"2018-11-14T15:10:39","guid":{"rendered":"http:\/\/site.ombudsman.hr\/?p=2481"},"modified":"2019-05-19T15:51:15","modified_gmt":"2019-05-19T15:51:15","slug":"rjesenje-o-prijmu-u-drzavnu-sluzbu-u-uredu-pucke-pravobraniteljice-nn-79-2018","status":"publish","type":"post","link":"https:\/\/www.ombudsman.hr\/hr\/rjesenje-o-prijmu-u-drzavnu-sluzbu-u-uredu-pucke-pravobraniteljice-nn-79-2018\/","title":{"rendered":"Rje\u0161enja o prijmu u dr\u017eavnu slu\u017ebu u Uredu pu\u010dke pravobraniteljice (NN 79\/2018)"},"content":{"rendered":"<p>Izvanrednim postupkom prijma u dr\u017eavnu slu\u017ebu,\u00a0pokrenutog po slu\u017ebenoj du\u017enosti, pu\u010dka pravobraniteljica donosi sljede\u0107a rje\u0161enja o prijmu u dr\u017eavnu slu\u017ebu na sljede\u0107a radna mjesta:<\/p>\n<p>1. Administrativni tajnik pu\u010dke pravobraniteljice<\/p>\n<p>2. Vi\u0161i stru\u010dni referent ra\u010dunovodstvenih poslova<\/p>\n<p>3. Savjetnik pu\u010dke pravobraniteljice u Slu\u017ebi za komunikaciju, suradnju i promicanje ljudskih prava.<\/p>\n<p>&nbsp;<\/p>\n<p>Rje\u0161enja sa sva tri radna mjesta mo\u017eete pro\u010ditati u prilogu.<\/p>\n<p><a href=\"https:\/\/site2.ombudsman.hr\/wp-content\/uploads\/2018\/11\/Rje\u0161enje-o-prijmu-na-radno-mjesto-https:\/\/stagesite.ombudsman.hr\/wp-content\/uploads\/2019\/10\/post-10.pngistrativni-tajnik-pu\u010dke-pravobraniteljice-NN-79-2018..pdf\">Rje\u0161enje o prijmu na radno mjesto https:\/\/stagesite.ombudsman.hr\/wp-content\/uploads\/2019\/10\/post-10.pngistrativni tajnik pu\u010dke pravobraniteljice, NN 79 &#8211; 2018.<\/a><br \/>\n<a href=\"https:\/\/site2.ombudsman.hr\/wp-content\/uploads\/2018\/11\/Rje\u0161enje-o-prijmu-na-radno-mjesto-vi\u0161i-stru\u010dni-referent-ra\u010dunovodstvenih-poslova-vje\u017ebenik-NN-79-2018..pdf\">Rje\u0161enje o prijmu na radno mjesto vi\u0161i stru\u010dni referent ra\u010dunovodstvenih poslova, vje\u017ebenik, NN 79 -2018.<\/a><br \/>\n<a href=\"https:\/\/site2.ombudsman.hr\/wp-content\/uploads\/2018\/11\/Rje\u0161enje-o-prijmu-na-radno-mjesto-savjetnik-pu\u010dke-pravobraniteljice-NN-79-2018..pdf\">Rje\u0161enje o prijmu na radno mjesto savjetnik pu\u010dke pravobraniteljice, NN 79 -2018.<\/a><\/p>\n","protected":false},"excerpt":{"rendered":"<p>Izvanrednim postupkom prijma u dr\u017eavnu slu\u017ebu,\u00a0pokrenutog po slu\u017ebenoj du\u017enosti, pu\u010dka pravobraniteljica donosi sljede\u0107a rje\u0161enja o prijmu u dr\u017eavnu slu\u017ebu na sljede\u0107a radna mjesta: 1. Administrativni tajnik pu\u010dke pravobraniteljice 2. Vi\u0161i stru\u010dni referent ra\u010dunovodstvenih poslova 3. Savjetnik pu\u010dke pravobraniteljice u Slu\u017ebi za komunikaciju, suradnju i promicanje ljudskih prava. &nbsp; Rje\u0161enja sa sva tri radna mjesta mo\u017eete [&hellip;]<\/p>\n","protected":false},"author":1,"featured_media":2971,"comment_status":"closed","ping_status":"closed","sticky":false,"template":"","format":"standard","meta":{"footnotes":""},"categories":[168],"tags":[],"class_list":["post-2481","post","type-post","status-publish","format-standard","has-post-thumbnail","hentry","category-natjecaji-interni-oglasi"],"_links":{"self":[{"href":"https:\/\/www.ombudsman.hr\/hr\/wp-json\/wp\/v2\/posts\/2481","targetHints":{"allow":["GET"]}}],"collection":[{"href":"https:\/\/www.ombudsman.hr\/hr\/wp-json\/wp\/v2\/posts"}],"about":[{"href":"https:\/\/www.ombudsman.hr\/hr\/wp-json\/wp\/v2\/types\/post"}],"author":[{"embeddable":true,"href":"https:\/\/www.ombudsman.hr\/hr\/wp-json\/wp\/v2\/users\/1"}],"replies":[{"embeddable":true,"href":"https:\/\/www.ombudsman.hr\/hr\/wp-json\/wp\/v2\/comments?post=2481"}],"version-history":[{"count":4,"href":"https:\/\/www.ombudsman.hr\/hr\/wp-json\/wp\/v2\/posts\/2481\/revisions"}],"predecessor-version":[{"id":5003,"href":"https:\/\/www.ombudsman.hr\/hr\/wp-json\/wp\/v2\/posts\/2481\/revisions\/5003"}],"wp:featuredmedia":[{"embeddable":true,"href":"https:\/\/www.ombudsman.hr\/hr\/wp-json\/wp\/v2\/media\/2971"}],"wp:attachment":[{"href":"https:\/\/www.ombudsman.hr\/hr\/wp-json\/wp\/v2\/media?parent=2481"}],"wp:term":[{"taxonomy":"category","embeddable":true,"href":"https:\/\/www.ombudsman.hr\/hr\/wp-json\/wp\/v2\/categories?post=2481"},{"taxonomy":"post_tag","embeddable":true,"href":"https:\/\/www.ombudsman.hr\/hr\/wp-json\/wp\/v2\/tags?post=2481"}],"curies":[{"name":"wp","href":"https:\/\/api.w.org\/{rel}","templated":true}]}}