{"id":2458,"date":"2018-10-10T07:39:46","date_gmt":"2018-10-10T07:39:46","guid":{"rendered":"http:\/\/site.ombudsman.hr\/?p=2458"},"modified":"2019-07-02T12:24:39","modified_gmt":"2019-07-02T12:24:39","slug":"svjetski-je-dan-beskucnika-modulnaslovna","status":"publish","type":"post","link":"https:\/\/www.ombudsman.hr\/hr\/svjetski-je-dan-beskucnika-modulnaslovna\/","title":{"rendered":"Preporuke za za\u0161titu ljudskih prava besku\u0107nika i dalje &#8220;na \u010dekanju&#8221;"},"content":{"rendered":"<p style=\"text-align: justify;\">Diljem svijeta 10. listopada obilje\u017eava se kao Svjetski dan besku\u0107nika, kako bi se pove\u0107alo svijest javnosti o problemima s kojima se susre\u0107u osobe iz ove ranjive skupine dru\u0161tva. Kad je u pitanju Hrvatska, na\u017ealost nema pozitivnih promjena u odnosu na godinu ranije.<\/p>\n<p style=\"text-align: justify;\">Tako i dalje nije pro\u0161irena definicija besku\u0107nika prema ETHOS tipologiji, kojom bi se obuhvatilo osobe bez krova nad glavom, osobe bez ku\u0107e\/stana te nesigurno ili neodgovaraju\u0107e stanovanje. Tako\u0111er je potrebno omogu\u0107iti pravo na zajam\u010denu minimalnu naknadu i besku\u0107nicima u prihvatili\u0161tima, ne samo onima u preno\u0107i\u0161tima, jednako kao i sva socijalna prava i zdravstveno osiguranje odmah po pokretanju postupka prijave prebivali\u0161ta. To su ujedno i preporuke pu\u010dke pravobraniteljice Lore Vidovi\u0107 iz Izvje\u0161\u0107a za 2017. godinu, koje je Ministarstvo za demografiju, obitelj, mlade i socijalnu politiku navelo da \u0107e ih razmotriti prilikom izrade novog Zakona o socijalnoj skrbi. Tako\u0111er je nu\u017eno izraditi Nacionalnu strategiju o besku\u0107ni\u0161tvu i Protokol o postupanju s besku\u0107nicima, na \u0161to pravobraniteljica tako\u0111er niz godina upozorava.<\/p>\n<p><!--more--><\/p>\n<p style=\"text-align: justify;\">Prema posljednjim dostupnim podacima, u prihvatili\u0161tima i preno\u0107i\u0161tima je tijekom 2016. bilo smje\u0161teno 465 besku\u0107nika, od kojih je 388 mu\u0161karaca i 77 \u017eena. Uz Zagreb, najvi\u0161e ih je bilo u Splitu, zatim Rijeci, Puli, Karlovcu, Osijeku, Vara\u017edinu, Sisku, Zadru, \u0160ibeniku te Vinkovcima. No, stvaran broj besku\u0107nika u Hrvatskoj vjerojatno je vi\u0161estruko ve\u0107i.<\/p>\n<p style=\"text-align: justify;\">Uzroci besku\u0107ni\u0161tva naj\u010de\u0161\u0107e su nerije\u0161eno stanovanje nakon izlaska iz kaznenih ili ustanova socijalne skrbi, zatim nerije\u0161eni imovinsko-pravni odnosi i delo\u017eacije. Dob besku\u0107nika kre\u0107e se u rasponu od 15-89 godina, a oko polovice ih je u dobi od 50 do 64 godine. Samo pet ih je zaposleno, a 22 je u mirovini.<\/p>\n<p style=\"text-align: justify;\">Skrb o besku\u0107nicima ne bi se trebala bazirati na smje\u0161taju u institucije, ve\u0107 bi se trebalo raditi na njihovom socijalnom uklju\u010divanju u lokalnu zajednicu te na prevenciji besku\u0107ni\u0161tva, posebno kroz socijalno stanovanje ili povoljni najam javnih stanova, a mladim besku\u0107nicima trebalo bi osigurati stambene zajednice u kojima bi imali podr\u0161ku u socijalnoj integraciji, a posebno na uklju\u010divanje u tr\u017ei\u0161te rada.<\/p>\n<p style=\"text-align: justify;\">Vi\u0161e o problemima besku\u0107nika u Hrvatskoj mo\u017eete doznati <a href=\"hr\/izvjesca-2017\/izvjesce-pp-2017\/send\/82-izvjesca-2017\/1126-izvjesce-pucke-pravobraniteljice-za-2017-godinu#page=108\">ovdje<\/a>.<\/p>\n","protected":false},"excerpt":{"rendered":"<p>Diljem svijeta 10. listopada obilje\u017eava se kao Svjetski dan besku\u0107nika, kako bi se pove\u0107alo svijest javnosti o problemima s kojima se susre\u0107u osobe iz ove ranjive skupine dru\u0161tva. Kad je u pitanju Hrvatska, na\u017ealost nema pozitivnih promjena u odnosu na godinu ranije. Tako i dalje nije pro\u0161irena definicija besku\u0107nika prema ETHOS tipologiji, kojom bi se [&hellip;]<\/p>\n","protected":false},"author":1,"featured_media":3001,"comment_status":"closed","ping_status":"closed","sticky":false,"template":"","format":"standard","meta":{"footnotes":""},"categories":[2090],"tags":[1288],"class_list":["post-2458","post","type-post","status-publish","format-standard","has-post-thumbnail","hentry","category-novosti","tag-zastita-i-promocija-ljudskih-prava"],"_links":{"self":[{"href":"https:\/\/www.ombudsman.hr\/hr\/wp-json\/wp\/v2\/posts\/2458","targetHints":{"allow":["GET"]}}],"collection":[{"href":"https:\/\/www.ombudsman.hr\/hr\/wp-json\/wp\/v2\/posts"}],"about":[{"href":"https:\/\/www.ombudsman.hr\/hr\/wp-json\/wp\/v2\/types\/post"}],"author":[{"embeddable":true,"href":"https:\/\/www.ombudsman.hr\/hr\/wp-json\/wp\/v2\/users\/1"}],"replies":[{"embeddable":true,"href":"https:\/\/www.ombudsman.hr\/hr\/wp-json\/wp\/v2\/comments?post=2458"}],"version-history":[{"count":2,"href":"https:\/\/www.ombudsman.hr\/hr\/wp-json\/wp\/v2\/posts\/2458\/revisions"}],"predecessor-version":[{"id":4607,"href":"https:\/\/www.ombudsman.hr\/hr\/wp-json\/wp\/v2\/posts\/2458\/revisions\/4607"}],"wp:featuredmedia":[{"embeddable":true,"href":"https:\/\/www.ombudsman.hr\/hr\/wp-json\/wp\/v2\/media\/3001"}],"wp:attachment":[{"href":"https:\/\/www.ombudsman.hr\/hr\/wp-json\/wp\/v2\/media?parent=2458"}],"wp:term":[{"taxonomy":"category","embeddable":true,"href":"https:\/\/www.ombudsman.hr\/hr\/wp-json\/wp\/v2\/categories?post=2458"},{"taxonomy":"post_tag","embeddable":true,"href":"https:\/\/www.ombudsman.hr\/hr\/wp-json\/wp\/v2\/tags?post=2458"}],"curies":[{"name":"wp","href":"https:\/\/api.w.org\/{rel}","templated":true}]}}