{"id":2437,"date":"2018-09-17T07:51:45","date_gmt":"2018-09-17T07:51:45","guid":{"rendered":"http:\/\/site.ombudsman.hr\/?p=2437"},"modified":"2019-05-13T11:38:45","modified_gmt":"2019-05-13T11:38:45","slug":"terenski-obilazak-karlovacke-zupanije-modulnaslovna","status":"publish","type":"post","link":"https:\/\/www.ombudsman.hr\/hr\/terenski-obilazak-karlovacke-zupanije-modulnaslovna\/","title":{"rendered":"Terenski obilazak Karlova\u010dke \u017eupanije"},"content":{"rendered":"<p>Problemi s dostupno\u0161\u0107u javne vodoopskrbe i odvodnje te odvozom sme\u0107a, kao i osiguravanje socijalnih i zdravstvenih usluga, posebice starijim osobama, bile su glavne teme tijekom dvodnevnog terenskog rada pu\u010dke pravobraniteljice Lore Vidovi\u0107 i njezinih suradnika u Karlova\u010dkoj \u017eupaniji.<\/p>\n<p>Obilazak je uklju\u010divao Karlovac, Vojni\u0107, Krnjak, Rakovicu i Pla\u0161ki, gdje je odr\u017ean niz susreta i sastanaka s gra\u0111anima, \u017eupanom Damirom Jeli\u0107em, gradona\u010delnikom Damirom Mandi\u0107em, na\u010delnicima, djelatnicima Centra za socijalnu skrb, organizacijama civilnog dru\u0161tva, LAG-ovima i predstavnicima nacionalnih manjina. Tijekom dva dana, savjetnici pravobraniteljice primali su i pritu\u017ebe gra\u0111ana, a najve\u0107i odaziv zabilje\u017een je u Karlovcu. Na temelju pritu\u017ebi, ali i informacija o razli\u010ditim problemima na koje su sugovornici upozorili na sastancima, pravobraniteljica \u0107e, kao i do sada nakon obilaska \u017eupanija, otvoriti niz ispitnih postupaka.<\/p>\n<p><!--more--><\/p>\n<p>Terenski rad jedan je od na\u010dina pribli\u017eavanja rada institucije pu\u010dkog pravobranitelja gra\u0111anima, nadle\u017enim tijelima i ostalim \u010dlanovima lokalnih zajednica, ali i detaljnijeg upoznavanja s problemima gra\u0111ana na odre\u0111enom podru\u010dju. Karlova\u010dka \u017eupanija deveta je u nizu koje je pravobraniteljica sa suradnicima posjetila, nakon Po\u017ee\u0161ko-slavonske, Brodsko-posavske, Osje\u010dko-baranjske, Vukovarsko-srijemske, Sisa\u010dko-moslava\u010dke, Zadarske, Splitsko-dalmatinske i\u00a0Me\u0111imurske. Idu\u0107i tjedan posjetit \u0107e Istarsku \u017eupaniju.<\/p>\n<p style=\"text-align: left;\">\u00a0\u00a0<a href=\"images\/rsz_mapiranje_k\u017d_-_czss.jpg\"><img decoding=\"async\" style=\"margin-right: 10px; float: left;\" src=\"images\/rsz_mapiranje_k\u017d_-_czss.jpg\" alt=\"rsz mapiranje k\u017d czss\" width=\"250\" \/><\/a><\/p>\n<p style=\"text-align: left;\">\n<p style=\"text-align: left;\">\n<p>&nbsp;<\/p>\n<p>&nbsp;<\/p>\n<p>&nbsp;<\/p>\n<p>Nejednak regionalni razvoj Hrvatske, s fokusom na ruralna podru\u010dja, jedan je od problema na koji pravobraniteljica upozorava javnost, Sabor i nadle\u017ena tijela u godi\u0161njim izvje\u0161\u0107ima. Poseban naglasak je pri tom na (ne)dostupnosti zdravstvenih i socijalnih usluga, ali i javnog prijevoza, vodoopskrbe i odvodnje, o \u010demu je detaljno izvijestila i u<a href=\"hr\/izvjesca-2017\/izvjesce-pp-2017\/send\/82-izvjesca-2017\/1126-izvjesce-pucke-pravobraniteljice-za-2017-godinu\" target=\"_self\" rel=\"noopener noreferrer\"> Izvje\u0161\u0107u za 2017.<\/a>, koje je <a href=\"hr\/naslovna\/novost\/1352-hrvatski-sabor-podrzao-izvjesce-pucke-pravobraniteljice-za-2017\" target=\"_self\" rel=\"noopener noreferrer\">Sabor u lipnju podr\u017eao<\/a>.<\/p>\n<p><a href=\"images\/rsz_mapiranje_k\u017d_-_\u017eupanija.jpg\"><img decoding=\"async\" style=\"margin-right: 10px; float: left;\" src=\"images\/rsz_mapiranje_k\u017d_-_\u017eupanija.jpg\" alt=\"rsz mapiranje k\u017d \u017eupanija\" width=\"280\" \/><\/a><\/p>\n<p><a style=\"color: #0077bb; outline: 0px; font-family: Verdana, Arial, Helvetica, sans-serif; font-size: 11px; background-color: #ffffff;\" href=\"images\/rsz_mapiranje_k\u017d_-_karlovac.jpg\"><img decoding=\"async\" style=\"border: 0px; cursor: default; vertical-align: middle; outline: black solid 1px; margin-right: 10px;\" src=\"images\/rsz_mapiranje_k\u017d_-_karlovac.jpg\" alt=\"rsz mapiranje k\u017d karlovac\" width=\"280\" \/><\/a><\/p>\n","protected":false},"excerpt":{"rendered":"<p>Problemi s dostupno\u0161\u0107u javne vodoopskrbe i odvodnje te odvozom sme\u0107a, kao i osiguravanje socijalnih i zdravstvenih usluga, posebice starijim osobama, bile su glavne teme tijekom dvodnevnog terenskog rada pu\u010dke pravobraniteljice Lore Vidovi\u0107 i njezinih suradnika u Karlova\u010dkoj \u017eupaniji. Obilazak je uklju\u010divao Karlovac, Vojni\u0107, Krnjak, Rakovicu i Pla\u0161ki, gdje je odr\u017ean niz susreta i sastanaka s [&hellip;]<\/p>\n","protected":false},"author":1,"featured_media":2436,"comment_status":"closed","ping_status":"closed","sticky":false,"template":"","format":"standard","meta":{"footnotes":""},"categories":[2090],"tags":[1288],"class_list":["post-2437","post","type-post","status-publish","format-standard","has-post-thumbnail","hentry","category-novosti","tag-zastita-i-promocija-ljudskih-prava"],"_links":{"self":[{"href":"https:\/\/www.ombudsman.hr\/hr\/wp-json\/wp\/v2\/posts\/2437","targetHints":{"allow":["GET"]}}],"collection":[{"href":"https:\/\/www.ombudsman.hr\/hr\/wp-json\/wp\/v2\/posts"}],"about":[{"href":"https:\/\/www.ombudsman.hr\/hr\/wp-json\/wp\/v2\/types\/post"}],"author":[{"embeddable":true,"href":"https:\/\/www.ombudsman.hr\/hr\/wp-json\/wp\/v2\/users\/1"}],"replies":[{"embeddable":true,"href":"https:\/\/www.ombudsman.hr\/hr\/wp-json\/wp\/v2\/comments?post=2437"}],"version-history":[{"count":1,"href":"https:\/\/www.ombudsman.hr\/hr\/wp-json\/wp\/v2\/posts\/2437\/revisions"}],"predecessor-version":[{"id":4622,"href":"https:\/\/www.ombudsman.hr\/hr\/wp-json\/wp\/v2\/posts\/2437\/revisions\/4622"}],"wp:featuredmedia":[{"embeddable":true,"href":"https:\/\/www.ombudsman.hr\/hr\/wp-json\/wp\/v2\/media\/2436"}],"wp:attachment":[{"href":"https:\/\/www.ombudsman.hr\/hr\/wp-json\/wp\/v2\/media?parent=2437"}],"wp:term":[{"taxonomy":"category","embeddable":true,"href":"https:\/\/www.ombudsman.hr\/hr\/wp-json\/wp\/v2\/categories?post=2437"},{"taxonomy":"post_tag","embeddable":true,"href":"https:\/\/www.ombudsman.hr\/hr\/wp-json\/wp\/v2\/tags?post=2437"}],"curies":[{"name":"wp","href":"https:\/\/api.w.org\/{rel}","templated":true}]}}