{"id":2420,"date":"2018-08-28T08:23:00","date_gmt":"2018-08-28T08:23:00","guid":{"rendered":"http:\/\/site.ombudsman.hr\/?p=2420"},"modified":"2019-05-09T13:43:29","modified_gmt":"2019-05-09T13:43:29","slug":"ispitivanje-prituzbi-na-policijsko-postupanje-prema-migrantima-modulnpm-modulnaslovna","status":"publish","type":"post","link":"https:\/\/www.ombudsman.hr\/hr\/ispitivanje-prituzbi-na-policijsko-postupanje-prema-migrantima-modulnpm-modulnaslovna\/","title":{"rendered":"Ispitivanje pritu\u017ebi na policijsko postupanje prema migrantima"},"content":{"rendered":"<p>Ured pu\u010dke pravobraniteljice gotovo svakodnevno prima upite doma\u0107ih i stranih medija o postupanju policije prema migrantima, odnosno o navodima o nasilju prema njima i onemogu\u0107avanju pristupa me\u0111unarodnoj za\u0161titi. Mo\u017eemo potvrditi da je pravobraniteljica otvorila vi\u0161e predmeta u kojima ispituje ove navode, i to na temelju pritu\u017ebi migranata, organizacija civilnog dru\u0161tva i me\u0111unarodnih organizacija, kao i na vlastitu inicijativu. Njihovo ispitivanje uklju\u010duje komunikaciju s pritu\u017eiteljima, Ministarstvom unutarnjih poslova i nenajavljene terenske obilaske, posebice policijskih postaja.<\/p>\n<p><!--more--><\/p>\n<p>Svi ispitni postupci jo\u0161 uvijek su u tijeku i u ovoj fazi ne mo\u017eemo iznositi dodatne informacije, no kada budu dovr\u0161eni, upoznat \u0107emo javnost sa saznanjima i zaklju\u010dcima.<\/p>\n<p>Pu\u010dka pravobraniteljica intenzivno prati stanje ljudskih prava tra\u017eitelja me\u0111unarodne za\u0161tite i iregularnih migranata, a sve najva\u017enije do sada prikupljene informacije, kao i preporuke nadle\u017enim tijelima, mo\u017eete prona\u0107i <a href=\"hr\/izvjesca-2017\/izvjesce-pp-2017\/send\/82-izvjesca-2017\/1126-izvjesce-pucke-pravobraniteljice-za-2017-godinu\" target=\"_blank\" rel=\"noopener noreferrer\">u Izvje\u0161\u0107u za 2017. godinu<\/a>.<\/p>\n<p>&nbsp;<\/p>\n","protected":false},"excerpt":{"rendered":"<p>Ured pu\u010dke pravobraniteljice gotovo svakodnevno prima upite doma\u0107ih i stranih medija o postupanju policije prema migrantima, odnosno o navodima o nasilju prema njima i onemogu\u0107avanju pristupa me\u0111unarodnoj za\u0161titi. Mo\u017eemo potvrditi da je pravobraniteljica otvorila vi\u0161e predmeta u kojima ispituje ove navode, i to na temelju pritu\u017ebi migranata, organizacija civilnog dru\u0161tva i me\u0111unarodnih organizacija, kao i [&hellip;]<\/p>\n","protected":false},"author":1,"featured_media":2984,"comment_status":"closed","ping_status":"closed","sticky":false,"template":"","format":"standard","meta":{"footnotes":""},"categories":[2090],"tags":[761,433],"class_list":["post-2420","post","type-post","status-publish","format-standard","has-post-thumbnail","hentry","category-novosti","tag-npm","tag-nacionalni-preventivni-mehanizam-npm"],"_links":{"self":[{"href":"https:\/\/www.ombudsman.hr\/hr\/wp-json\/wp\/v2\/posts\/2420","targetHints":{"allow":["GET"]}}],"collection":[{"href":"https:\/\/www.ombudsman.hr\/hr\/wp-json\/wp\/v2\/posts"}],"about":[{"href":"https:\/\/www.ombudsman.hr\/hr\/wp-json\/wp\/v2\/types\/post"}],"author":[{"embeddable":true,"href":"https:\/\/www.ombudsman.hr\/hr\/wp-json\/wp\/v2\/users\/1"}],"replies":[{"embeddable":true,"href":"https:\/\/www.ombudsman.hr\/hr\/wp-json\/wp\/v2\/comments?post=2420"}],"version-history":[{"count":2,"href":"https:\/\/www.ombudsman.hr\/hr\/wp-json\/wp\/v2\/posts\/2420\/revisions"}],"predecessor-version":[{"id":4628,"href":"https:\/\/www.ombudsman.hr\/hr\/wp-json\/wp\/v2\/posts\/2420\/revisions\/4628"}],"wp:featuredmedia":[{"embeddable":true,"href":"https:\/\/www.ombudsman.hr\/hr\/wp-json\/wp\/v2\/media\/2984"}],"wp:attachment":[{"href":"https:\/\/www.ombudsman.hr\/hr\/wp-json\/wp\/v2\/media?parent=2420"}],"wp:term":[{"taxonomy":"category","embeddable":true,"href":"https:\/\/www.ombudsman.hr\/hr\/wp-json\/wp\/v2\/categories?post=2420"},{"taxonomy":"post_tag","embeddable":true,"href":"https:\/\/www.ombudsman.hr\/hr\/wp-json\/wp\/v2\/tags?post=2420"}],"curies":[{"name":"wp","href":"https:\/\/api.w.org\/{rel}","templated":true}]}}