{"id":2406,"date":"2018-07-27T11:28:57","date_gmt":"2018-07-27T11:28:57","guid":{"rendered":"http:\/\/site.ombudsman.hr\/?p=2406"},"modified":"2019-07-02T12:01:46","modified_gmt":"2019-07-02T12:01:46","slug":"pravobraniteljica-na-sastanku-radne-skupine-un-a-za-starije-osobe-u-new-yorku-modulzastita-modulmedunarodno","status":"publish","type":"post","link":"https:\/\/www.ombudsman.hr\/hr\/pravobraniteljica-na-sastanku-radne-skupine-un-a-za-starije-osobe-u-new-yorku-modulzastita-modulmedunarodno\/","title":{"rendered":"Pravobraniteljica na sastanku Radne skupine UN-a za starije osobe u New Yorku"},"content":{"rendered":"<p>Institucije, organizacije i pojedinci koji rade na za\u0161titi ljudskih prava starijih osoba okupili su se od 23. do 26. srpnja 2018. u New Yorku na sastanku Radne skupine UN-a za starije osobe (OEWG). Ove godine, tema sastanka bila je autonomija i neovisnost starijih te palijativna i dugotrajna institucionalna skrb.<\/p>\n<p>Pu\u010dka pravobraniteljica i predsjedavaju\u0107a Europske mre\u017ee nacionalnih institucija za ljudska prava (ENNHRI) Lora Vidovi\u0107 istaknula je kako ograni\u010davanje autonomije starijih dovodi u pitanje cijeli niz njihovih prava: na \u017eivot, sigurnost, privatnost, zabranu mu\u010denja, slobodu od nasilja i zlostavljanja, slobodu izra\u017eavanja i pristup informacijama. Okupljene je upoznala s radom institucija koje predstavlja te navela kako on pokazuje potrebu za dono\u0161enjem Konvencije o pravima starijih.<\/p>\n<p><!--more--><\/p>\n<p>Naime, me\u0111unarodni propisi i standardi adekvatno ne odgovaraju na izazove koji su povezani s dobi niti jam\u010de pravo na dugotrajnu institucionalnu i palijativnu skrb, naglasila je pravobraniteljica. Njezina savjetnica Tatjana Vla\u0161i\u0107 navela je kako je vidljiv raskorak izme\u0111u postoje\u0107eg zakonskog okvira i svakodnevnog iskustva starijih osoba, a upravo su ta iskustva doprinos kojim \u0107e nacionalne institucije za ljudska prava nastaviti sudjelovati u radu OEWG-a, uklju\u010duju\u0107i i aktivnosti koje bi mogle dovesti do pripreme Konvencije o pravima starijih.<\/p>\n<p>Vi\u0161e o doga\u0111aju i raspravama mo\u017eete doznati <a href=\"https:\/\/social.un.org\/ageing-working-group\/ninthsession.shtml\">ovdje<\/a>.<\/p>\n<p>&nbsp;<\/p>\n<blockquote class=\"twitter-tweet\" data-lang=\"en\">\n<p dir=\"ltr\" lang=\"und\">Ograni\u010davanje autonomije starijih dovodi u pitanje cijeli niz njihovih prava: na \u017eivot, sigurnost, privatnost, zabranu mu\u010denja, slobodu od nasilja&#038;zlostavljanja, slobodu izra\u017eavanja, pristup info &#8211; upozorila je L. Vidovi\u0107 na Radnoj skupini <a href=\"https:\/\/twitter.com\/UN?ref_src=twsrc%5Etfw\">@UN<\/a> za starije <a href=\"https:\/\/twitter.com\/hashtag\/OEWG9?src=hash&#038;ref_src=twsrc%5Etfw\">#OEWG9<\/a><a href=\"https:\/\/twitter.com\/UN4Ageing?ref_src=twsrc%5Etfw\">@UN4Ageing<\/a> <a href=\"https:\/\/twitter.com\/ennhri?ref_src=twsrc%5Etfw\">@ennhri<\/a> <a href=\"https:\/\/t.co\/jV670AHNau\">https:\/\/t.co\/jV670AHNau<\/a><\/p>\n<p>\u2014 Pravobraniteljica (@OmbudsmanHR) <a href=\"https:\/\/twitter.com\/OmbudsmanHR\/status\/1021789563931557888?ref_src=twsrc%5Etfw\">July 24, 2018<\/a><\/p><\/blockquote>\n","protected":false},"excerpt":{"rendered":"<p>Institucije, organizacije i pojedinci koji rade na za\u0161titi ljudskih prava starijih osoba okupili su se od 23. do 26. srpnja 2018. u New Yorku na sastanku Radne skupine UN-a za starije osobe (OEWG). Ove godine, tema sastanka bila je autonomija i neovisnost starijih te palijativna i dugotrajna institucionalna skrb. Pu\u010dka pravobraniteljica i predsjedavaju\u0107a Europske mre\u017ee [&hellip;]<\/p>\n","protected":false},"author":1,"featured_media":2405,"comment_status":"closed","ping_status":"closed","sticky":false,"template":"","format":"standard","meta":{"footnotes":""},"categories":[2090],"tags":[294,759,607,658,1288],"class_list":["post-2406","post","type-post","status-publish","format-standard","has-post-thumbnail","hentry","category-novosti","tag-ennhri","tag-medunarodna-suradnja","tag-starije-osobe","tag-un","tag-zastita-i-promocija-ljudskih-prava"],"_links":{"self":[{"href":"https:\/\/www.ombudsman.hr\/hr\/wp-json\/wp\/v2\/posts\/2406","targetHints":{"allow":["GET"]}}],"collection":[{"href":"https:\/\/www.ombudsman.hr\/hr\/wp-json\/wp\/v2\/posts"}],"about":[{"href":"https:\/\/www.ombudsman.hr\/hr\/wp-json\/wp\/v2\/types\/post"}],"author":[{"embeddable":true,"href":"https:\/\/www.ombudsman.hr\/hr\/wp-json\/wp\/v2\/users\/1"}],"replies":[{"embeddable":true,"href":"https:\/\/www.ombudsman.hr\/hr\/wp-json\/wp\/v2\/comments?post=2406"}],"version-history":[{"count":2,"href":"https:\/\/www.ombudsman.hr\/hr\/wp-json\/wp\/v2\/posts\/2406\/revisions"}],"predecessor-version":[{"id":4632,"href":"https:\/\/www.ombudsman.hr\/hr\/wp-json\/wp\/v2\/posts\/2406\/revisions\/4632"}],"wp:featuredmedia":[{"embeddable":true,"href":"https:\/\/www.ombudsman.hr\/hr\/wp-json\/wp\/v2\/media\/2405"}],"wp:attachment":[{"href":"https:\/\/www.ombudsman.hr\/hr\/wp-json\/wp\/v2\/media?parent=2406"}],"wp:term":[{"taxonomy":"category","embeddable":true,"href":"https:\/\/www.ombudsman.hr\/hr\/wp-json\/wp\/v2\/categories?post=2406"},{"taxonomy":"post_tag","embeddable":true,"href":"https:\/\/www.ombudsman.hr\/hr\/wp-json\/wp\/v2\/tags?post=2406"}],"curies":[{"name":"wp","href":"https:\/\/api.w.org\/{rel}","templated":true}]}}