{"id":2404,"date":"2018-07-16T10:40:33","date_gmt":"2018-07-16T09:40:33","guid":{"rendered":"http:\/\/site.ombudsman.hr\/?p=2404"},"modified":"2019-04-23T19:28:31","modified_gmt":"2019-04-23T19:28:31","slug":"tematska-sjednica-odbora-za-ljudska-prava-i-prava-nacionalnih-manjina-o-preporukama-iz-izvjesca-pucke-pravobraniteljice","status":"publish","type":"post","link":"https:\/\/www.ombudsman.hr\/hr\/tematska-sjednica-odbora-za-ljudska-prava-i-prava-nacionalnih-manjina-o-preporukama-iz-izvjesca-pucke-pravobraniteljice\/","title":{"rendered":"Tematska sjednica Odbora za ljudska prava i prava nacionalnih manjina o preporukama iz Izvje\u0161\u0107a pu\u010dke pravobraniteljice"},"content":{"rendered":"<p>Odbor za ljudska prava i prava nacionalnih manjina odr\u017eao je 11. srpnja 2018. <a href=\"Odr\u017eana%20tematska%20sjednica%20o%20provedbi%20preporuka%20iz%20Izvje\u0161\u0107a%20pu\u010dke%20pravobraniteljice%20za%202017.%20godinu\" target=\"_blank\" rel=\"noopener noreferrer\">tematsku sjednicu<\/a> o provedbi preporuka iz Izvje\u0161\u0107a pu\u010dke pravobraniteljice za 2017. godinu. Predsjednik Odbora Milorad Pupovac uvodno je naveo kako je cilj rasprave poticanje kvalitetnije budu\u0107e suradnje izme\u0111u javno-pravnih tijela i pu\u010dke pravobraniteljice u podru\u010dju ljudskih prava koja predstavljaju temeljnu vrednotu ustavnog poretka.<\/p>\n<p>Pu\u010dka pravobraniteljica Lora Vidovi\u0107 naglasila je va\u017enost koju podr\u0161ka Hrvatskog sabora Izvje\u0161\u0107u ima u ispunjenju preporuka, te istaknula kako vjeruje da je tematska sjednica jako dobar na\u010din postizanja jo\u0161 boljeg stupnja njihove ispunjenosti te suradnje s tijelima kojima su upu\u0107ene. Za sustavno pra\u0107enje ispunjenja preporuka, podsjetila je Pravobraniteljica, nadle\u017ean je Ured za ljudska prava i prava nacionalnih manjina, prema obvezi koju je Hrvatska preuzela tijekom pretpristupnih pregovora s EU. No, posljednje preporuke \u010dije je ispunjenje Ured za ljudska prava i prava nacionalnih manjina pratio bilo je ono za 2013. godinu.<\/p>\n<p><!--more--><\/p>\n<p>Na sjednici su sudjelovali i pravobraniteljica za ravnopravnost spolova Vi\u0161nja Ljubi\u010di\u0107 te predstavnici niza dr\u017eavnih i drugih tijela: Ureda za ljudska prava i prava nacionalnih manjina, Ministarstva pravosu\u0111a, Ministarstva za demografiju, obitelj, mlade i socijalnu politiku, Ministarstva za\u0161tite okoli\u0161a i energetike, Ministarstva uprave, Ministarstva dr\u017eavne imovine, Ministarstva kulture, Ministarstva graditeljstva i prostornoga ure\u0111enja, Ministarstva hrvatskih branitelja, Ministarstva rada i mirovinskog sustava, Ministarstva znanosti i obrazovanja, Ministarstva regionalnoga razvoja i fondova Europske unije, Ministarstva zdravstva, Savjeta za nacionalne manjine, Hrvatskog zavoda za zapo\u0161ljavanje, Hrvatskog zavoda za mirovinsko osiguranje, HRT-a i HEP-a.<\/p>\n<p>Tijekom rasprave svi sudionici su naglasili dobru komunikaciju kao preduvjet kvalitetne suradnje i pronalaska odgovaraju\u0107ih rje\u0161enja. Vezano uz pojedina\u010dne preporuke, predstavnici izvr\u0161ne vlasti su izvijestili Odbor o poduzetim mjerama o preporukama te su pozdravili inicijativu da se u tijelima imenuju osobe za kontakt s Uredom pu\u010dke pravobraniteljice. \u010clanovi Odbora naglasili su da je nu\u017eno poticati kontinuirano pra\u0107enje preporuka pu\u010dke pravobraniteljice, kao i ad hoc suradnju izme\u0111u pojedinih tijela i pu\u010dke pravobraniteljice.<\/p>\n<p>&nbsp;<\/p>\n<p>Izvor: sabor.hr\/UPP<\/p>\n<p>&nbsp;<\/p>\n","protected":false},"excerpt":{"rendered":"<p>Odbor za ljudska prava i prava nacionalnih manjina odr\u017eao je 11. srpnja 2018. tematsku sjednicu o provedbi preporuka iz Izvje\u0161\u0107a pu\u010dke pravobraniteljice za 2017. godinu. Predsjednik Odbora Milorad Pupovac uvodno je naveo kako je cilj rasprave poticanje kvalitetnije budu\u0107e suradnje izme\u0111u javno-pravnih tijela i pu\u010dke pravobraniteljice u podru\u010dju ljudskih prava koja predstavljaju temeljnu vrednotu ustavnog [&hellip;]<\/p>\n","protected":false},"author":1,"featured_media":3065,"comment_status":"closed","ping_status":"closed","sticky":false,"template":"","format":"standard","meta":{"footnotes":""},"categories":[2090],"tags":[],"class_list":["post-2404","post","type-post","status-publish","format-standard","has-post-thumbnail","hentry","category-novosti"],"_links":{"self":[{"href":"https:\/\/www.ombudsman.hr\/hr\/wp-json\/wp\/v2\/posts\/2404","targetHints":{"allow":["GET"]}}],"collection":[{"href":"https:\/\/www.ombudsman.hr\/hr\/wp-json\/wp\/v2\/posts"}],"about":[{"href":"https:\/\/www.ombudsman.hr\/hr\/wp-json\/wp\/v2\/types\/post"}],"author":[{"embeddable":true,"href":"https:\/\/www.ombudsman.hr\/hr\/wp-json\/wp\/v2\/users\/1"}],"replies":[{"embeddable":true,"href":"https:\/\/www.ombudsman.hr\/hr\/wp-json\/wp\/v2\/comments?post=2404"}],"version-history":[{"count":2,"href":"https:\/\/www.ombudsman.hr\/hr\/wp-json\/wp\/v2\/posts\/2404\/revisions"}],"predecessor-version":[{"id":4634,"href":"https:\/\/www.ombudsman.hr\/hr\/wp-json\/wp\/v2\/posts\/2404\/revisions\/4634"}],"wp:featuredmedia":[{"embeddable":true,"href":"https:\/\/www.ombudsman.hr\/hr\/wp-json\/wp\/v2\/media\/3065"}],"wp:attachment":[{"href":"https:\/\/www.ombudsman.hr\/hr\/wp-json\/wp\/v2\/media?parent=2404"}],"wp:term":[{"taxonomy":"category","embeddable":true,"href":"https:\/\/www.ombudsman.hr\/hr\/wp-json\/wp\/v2\/categories?post=2404"},{"taxonomy":"post_tag","embeddable":true,"href":"https:\/\/www.ombudsman.hr\/hr\/wp-json\/wp\/v2\/tags?post=2404"}],"curies":[{"name":"wp","href":"https:\/\/api.w.org\/{rel}","templated":true}]}}