{"id":2401,"date":"2018-08-20T09:28:00","date_gmt":"2018-08-20T07:28:00","guid":{"rendered":"http:\/\/site.ombudsman.hr\/?p=2401"},"modified":"2020-12-22T16:01:19","modified_gmt":"2020-12-22T14:01:19","slug":"jacanje-sustavne-prevencije-nasilja-nad-ranjivim-osobama-u-zatvorskom-sustavu-modulnpm-modulnaslovna","status":"publish","type":"post","link":"https:\/\/www.ombudsman.hr\/hr\/jacanje-sustavne-prevencije-nasilja-nad-ranjivim-osobama-u-zatvorskom-sustavu-modulnpm-modulnaslovna\/","title":{"rendered":"Ja\u010danje prevencije nasilja nad ranjivim osobama u zatvorskom sustavu"},"content":{"rendered":"<p>Upute koje je, na preporuku pu\u010dke pravobraniteljice Lore Vidovi\u0107, pripremilo Ministarstvo pravosu\u0111a te dostavilo kaznenim tijelima, trebale bi doprinijeti ve\u0107oj sigurnosti ranjive skupine osoba li\u0161enih slobode i po\u0161tivanju njihovih temeljnih prava tijekom boravka u zatvoru ili kaznionici. Rije\u010d je o preporuci koja je upu\u0107ena nakon slu\u010daja zlostavljanja zatvorenika s intelektualnim pote\u0161ko\u0107ama, o kojem su izvijestili mediji.<\/p>\n<p>Naime, kod me\u0111uzatvoreni\u010dkog nasilja slu\u017ebenici u pravilu, nakon prijave incidenta, poduzimaju sve potrebne mjere i radnje kako bi utvrdili okolnosti, za\u0161titili zatvorenika te sankcionirali po\u010dinitelje, \u0161to je uklju\u010divalo i obavje\u0161tavanje nadle\u017enog dr\u017eavnog odvjetni\u0161tva. I iako nije bilo propusta u postupanju nakon prijave, nu\u017eno je raditi na prevenciji.<\/p>\n<p><!--more--><\/p>\n<p>Naime, dr\u017eava je du\u017ena poduzeti odgovaraju\u0107e preventivne mjere za za\u0161titu fizi\u010dkog i psihi\u010dkog integriteta te dobrobit osoba li\u0161enih slobode, dok propu\u0161tanje da to u\u010dini, prema praksi Europskog suda za ljudska prava, nerijetko predstavlja povredu prava iz \u010dl. 2. i 3. Europske konvencije za za\u0161titu ljudskih prava i temeljnih sloboda, koji govore o pravu na \u017eivot te o zabrani mu\u010denja.<\/p>\n<p>Preventivnim mjerama potrebno je pristupiti sustavno, planirano i detaljno, imaju\u0107i na umu kako zbog srama, straha od osvete ili nekih drugih razloga, \u017ertve nasilje ne prijavljuju pravodobno ili uop\u0107e, \u0161to produ\u017euje njihovu izlo\u017eenost zlostavljanju i pove\u0107ava rizik od te\u0161kih fizi\u010dkih i psihi\u010dkih patnji.<\/p>\n<p>Jedan od preduvjeta za uspje\u0161nu prevenciju nasilja jest prepoznavanje osoba koja je zbog odre\u0111enih pote\u0161ko\u0107a ranjiva, ve\u0107 prilikom prijama, neovisno o tome radi li se o zatvoreniku, istra\u017enom zatvoreniku ili nekoj drugoj kategoriji. Tako\u0111er je va\u017eno razmotriti sve \u010dimbenike koji mogu uve\u0107ati, odnosno umanjiti, rizik od manipuliranja i zlostavljanja, poput izbora kaznenog tijela, radnog anga\u017emana, primjene posebne mjere poja\u010danog nadzora i drugih.<\/p>\n<p>Zato je potrebno da se, na sli\u010dan na\u010din kao \u0161to je to u\u010dinjeno u cilju prevencije samoubojstva u zatvorskom ustavu, donesu upute za postupanje prema osobama sa psihi\u010dkim ili intelektualnim te\u0161ko\u0107ama, kako bi im se osigurala sigurnost i po\u0161tivanje temeljnih ljudskih prava tijekom boravka u zatvorskom sustavu.<\/p>\n<p>Ministarstvo pravosu\u0111a provelo je preporuku pravobraniteljice, odnosno kaznionicama, zatvorima, odgojnim zavodima te Centru za dijagnostiku u Zagrebu dostavilo detaljnije upute o postupanju sa zatvorenicima iz ove ranjive skupine, s ciljem prevencije manipulacije njima, kao i me\u0111uzatvoreni\u010dkog nasilja i zlostavljanja.<\/p>\n<p>&nbsp;<\/p>\n","protected":false},"excerpt":{"rendered":"<p>Upute koje je, na preporuku pu\u010dke pravobraniteljice Lore Vidovi\u0107, pripremilo Ministarstvo pravosu\u0111a te dostavilo kaznenim tijelima, trebale bi doprinijeti ve\u0107oj sigurnosti ranjive skupine osoba li\u0161enih slobode i po\u0161tivanju njihovih temeljnih prava tijekom boravka u zatvoru ili kaznionici. Rije\u010d je o preporuci koja je upu\u0107ena nakon slu\u010daja zlostavljanja zatvorenika s intelektualnim pote\u0161ko\u0107ama, o kojem su izvijestili [&hellip;]<\/p>\n","protected":false},"author":1,"featured_media":3053,"comment_status":"closed","ping_status":"closed","sticky":false,"template":"","format":"standard","meta":{"footnotes":""},"categories":[2090],"tags":[761,700,433,1965],"class_list":["post-2401","post","type-post","status-publish","format-standard","has-post-thumbnail","hentry","category-novosti","tag-npm","tag-zatvorenici","tag-nacionalni-preventivni-mehanizam-npm","tag-primjeri"],"_links":{"self":[{"href":"https:\/\/www.ombudsman.hr\/hr\/wp-json\/wp\/v2\/posts\/2401","targetHints":{"allow":["GET"]}}],"collection":[{"href":"https:\/\/www.ombudsman.hr\/hr\/wp-json\/wp\/v2\/posts"}],"about":[{"href":"https:\/\/www.ombudsman.hr\/hr\/wp-json\/wp\/v2\/types\/post"}],"author":[{"embeddable":true,"href":"https:\/\/www.ombudsman.hr\/hr\/wp-json\/wp\/v2\/users\/1"}],"replies":[{"embeddable":true,"href":"https:\/\/www.ombudsman.hr\/hr\/wp-json\/wp\/v2\/comments?post=2401"}],"version-history":[{"count":2,"href":"https:\/\/www.ombudsman.hr\/hr\/wp-json\/wp\/v2\/posts\/2401\/revisions"}],"predecessor-version":[{"id":5676,"href":"https:\/\/www.ombudsman.hr\/hr\/wp-json\/wp\/v2\/posts\/2401\/revisions\/5676"}],"wp:featuredmedia":[{"embeddable":true,"href":"https:\/\/www.ombudsman.hr\/hr\/wp-json\/wp\/v2\/media\/3053"}],"wp:attachment":[{"href":"https:\/\/www.ombudsman.hr\/hr\/wp-json\/wp\/v2\/media?parent=2401"}],"wp:term":[{"taxonomy":"category","embeddable":true,"href":"https:\/\/www.ombudsman.hr\/hr\/wp-json\/wp\/v2\/categories?post=2401"},{"taxonomy":"post_tag","embeddable":true,"href":"https:\/\/www.ombudsman.hr\/hr\/wp-json\/wp\/v2\/tags?post=2401"}],"curies":[{"name":"wp","href":"https:\/\/api.w.org\/{rel}","templated":true}]}}