{"id":2389,"date":"2018-06-20T09:35:03","date_gmt":"2018-06-20T08:35:03","guid":{"rendered":"http:\/\/site.ombudsman.hr\/?p=2389"},"modified":"2019-04-23T19:52:57","modified_gmt":"2019-04-23T19:52:57","slug":"20-godina-okvirne-konvencije-za-zastitu-nacionalnih-manjina","status":"publish","type":"post","link":"https:\/\/www.ombudsman.hr\/hr\/20-godina-okvirne-konvencije-za-zastitu-nacionalnih-manjina\/","title":{"rendered":"20 godina Okvirne konvencije za za\u0161titu nacionalnih manjina"},"content":{"rendered":"<p>Prije to\u010dno 20 godina na snagu je stupila <a href=\"https:\/\/pravamanjina.gov.hr\/provedba-okvirne-konvencije-za-zastitu-nacionalnih-manjina\/592\">Okvirna konvencija za za\u0161titu nacionalnih manjina<\/a>, koju je Vije\u0107e Europe usvojilo 4 godine ranije. Zemlje potpisnice, me\u0111u kojima je i Hrvatska, obvezale su se podnositi izvje\u0161\u0107a Vije\u0107u Europe o zakonodavnim i drugim mjerama, poduzetima za ostvarivanje na\u010dela izlo\u017eenih u Konvenciji.<\/p>\n<p><!--more--><\/p>\n<p>U njoj se podsje\u0107a kako je europska povijest pokazala da je za\u0161tita nacionalnih manjina klju\u010dna za stabilnost i mir na kontinentu, te da pluralisti\u010dka i istinski demokratska dru\u0161tva ne bi trebala samo po\u0161tivati etni\u010dki, kulturni, jezi\u010dni i vjerski identitet svakog pripadnika nacionalnih manjina, ve\u0107 i stvoriti odgovaraju\u0107e uvjete za izra\u017eavanje, o\u010duvanje i razvijanje tog identiteta. Tako\u0111er se isti\u010de kako je stvaranje atmosfere tolerancije i dijaloga nu\u017eno za ostvarivanje kulturne raznolikosti, koja nije izvor podjela u dru\u0161tvu, ve\u0107 njegovog bogatstva.<\/p>\n<p>Iste godine, na snagu je stupila i <a href=\"https:\/\/www.coe.int\/en\/web\/european-charter-regional-or-minority-languages\/home\">Europska povelja o regionalnim ili manjinskim jezicima<\/a> Vije\u0107a Europe, s ciljem za\u0161tite i promocije jezika manjina, \u0161to doprinosi izgradnji Europe temeljene na demokraciji i kulturnoj raznolikosti.<\/p>\n<p>Obilje\u017eavanje 20 godina stupanja na snagu ova dva va\u017ena dokumenta bio je cilj <a href=\"http:\/\/www.mvep.hr\/hr\/mediji\/priopcenja\/ministrica-pejcinovic-buric-otvorila-konferenciju-o-nacionalnim-manjinama-i-regionalnim-i-manjinskim-jezicima,31642.html\">konferencije<\/a> o za\u0161titi nacionalnih manjina i manjinskih jezika u Europi, odr\u017eane 18. lipnja 2018. u Strasbourgu. Organizirao ju je Ured za ljudska prava i prava nacionalnih manjina Vlade Republike Hrvatske u suradnji s Vije\u0107em Europe, a u sklopu \u0161estomjese\u010dnog hrvatskog predsjedanja Odborom ministara Vije\u0107a Europe. Konferenciju su otvorili glavni tajnik Vije\u0107a Europe Thorbj\u00f8rn Jagland i potpredsjednica Vlade i ministrica vanjskih i europskih poslova Marija Pej\u010dinovi\u0107 Buri\u0107. Na konferenciji je, u ime Ureda pu\u010dke pravobraniteljice, sudjelovala zamjenica pravobraniteljice Tena \u0160imonovi\u0107 Einwalter.<\/p>\n","protected":false},"excerpt":{"rendered":"<p>Prije to\u010dno 20 godina na snagu je stupila Okvirna konvencija za za\u0161titu nacionalnih manjina, koju je Vije\u0107e Europe usvojilo 4 godine ranije. Zemlje potpisnice, me\u0111u kojima je i Hrvatska, obvezale su se podnositi izvje\u0161\u0107a Vije\u0107u Europe o zakonodavnim i drugim mjerama, poduzetima za ostvarivanje na\u010dela izlo\u017eenih u Konvenciji.<\/p>\n","protected":false},"author":1,"featured_media":3083,"comment_status":"closed","ping_status":"closed","sticky":false,"template":"","format":"standard","meta":{"footnotes":""},"categories":[2090],"tags":[759,432],"class_list":["post-2389","post","type-post","status-publish","format-standard","has-post-thumbnail","hentry","category-novosti","tag-medunarodna-suradnja","tag-nacionalne-manjine"],"_links":{"self":[{"href":"https:\/\/www.ombudsman.hr\/hr\/wp-json\/wp\/v2\/posts\/2389","targetHints":{"allow":["GET"]}}],"collection":[{"href":"https:\/\/www.ombudsman.hr\/hr\/wp-json\/wp\/v2\/posts"}],"about":[{"href":"https:\/\/www.ombudsman.hr\/hr\/wp-json\/wp\/v2\/types\/post"}],"author":[{"embeddable":true,"href":"https:\/\/www.ombudsman.hr\/hr\/wp-json\/wp\/v2\/users\/1"}],"replies":[{"embeddable":true,"href":"https:\/\/www.ombudsman.hr\/hr\/wp-json\/wp\/v2\/comments?post=2389"}],"version-history":[{"count":2,"href":"https:\/\/www.ombudsman.hr\/hr\/wp-json\/wp\/v2\/posts\/2389\/revisions"}],"predecessor-version":[{"id":4643,"href":"https:\/\/www.ombudsman.hr\/hr\/wp-json\/wp\/v2\/posts\/2389\/revisions\/4643"}],"wp:featuredmedia":[{"embeddable":true,"href":"https:\/\/www.ombudsman.hr\/hr\/wp-json\/wp\/v2\/media\/3083"}],"wp:attachment":[{"href":"https:\/\/www.ombudsman.hr\/hr\/wp-json\/wp\/v2\/media?parent=2389"}],"wp:term":[{"taxonomy":"category","embeddable":true,"href":"https:\/\/www.ombudsman.hr\/hr\/wp-json\/wp\/v2\/categories?post=2389"},{"taxonomy":"post_tag","embeddable":true,"href":"https:\/\/www.ombudsman.hr\/hr\/wp-json\/wp\/v2\/tags?post=2389"}],"curies":[{"name":"wp","href":"https:\/\/api.w.org\/{rel}","templated":true}]}}