{"id":2388,"date":"2018-06-20T09:00:52","date_gmt":"2018-06-20T09:00:52","guid":{"rendered":"http:\/\/site.ombudsman.hr\/?p=2388"},"modified":"2019-05-13T11:56:33","modified_gmt":"2019-05-13T11:56:33","slug":"un-vise-od-68-ljudi-u-svijetu-je-raseljeno-zbog-konflikta-i-progona-modulmedunarodno","status":"publish","type":"post","link":"https:\/\/www.ombudsman.hr\/hr\/un-vise-od-68-ljudi-u-svijetu-je-raseljeno-zbog-konflikta-i-progona-modulmedunarodno\/","title":{"rendered":"UN: Vi\u0161e od 68 ljudi u svijetu je raseljeno zbog konflikta i progona"},"content":{"rendered":"<p>Svake dvije sekunde u 2017. godini je jedna osoba bila prisiljena napustiti svoj dom zbog konflikta ili progona, a u toj je situaciji u ovom trenutku vi\u0161e od 68 milijuna ljudi, <a href=\"https:\/\/news.un.org\/en\/story\/2018\/06\/1012532\">upozorili su<\/a> Ujedinjeni narodi povodom Svjetskog dana izbjeglica koji se obilje\u017eava 20. lipnja svake godine. Za usporedbu, rije\u010d je o broju koji je 16 puta ve\u0107i od ukupnog stanovni\u0161tva Hrvatske.<\/p>\n<p><!--more--><\/p>\n<p>\u201eDok ima ratova, bit \u0107e i izbjeglica, i na ovaj dan vas molim da to upamtite. Svi se moramo pitati \u0161to jo\u0161 mo\u017eemo napraviti kako bismo im pomogli, a odgovor po\u010dinje jedinstvom i solidarno\u0161\u0107u\u201c, istaknuo je glavni tajnik UN-a Antonio Guterres. Izrazio je i zabrinutost za porast broja izbjeglica bez za\u0161tite koja im pripada te pozvao na podr\u0161ku zajednicama i zemljama koje im pru\u017eaju uto\u010di\u0161te. Najavio je i kako \u0107e UN krajem godine predstaviti <a href=\"https:\/\/refugeesmigrants.un.org\/refugees-compact\">Globalni sporazum o izbjeglicama<\/a>, koji \u0107e sadr\u017eavati i konkretne korake koje dr\u017eave \u010dlanice UN-a i razli\u010dite organizacije mogu poduzeti, kako bi se, izme\u0111u ostalog, smanjio pritisak na zemlje doma\u0107ine i osna\u017eilo izbjeglice.<\/p>\n<p>Kad je u pitanju Hrvatska, pu\u010dka pravobraniteljica je u<a href=\"hr\/izvjesca-2017\/izvjesce-pp-2017\/send\/82-izvjesca-2017\/1126-izvjesce-pucke-pravobraniteljice-za-2017-godinu\"> Izvje\u0161\u0107u za 2017<\/a>. dala niz preporuka koje se odnose na iregularne migrante, tra\u017eitelje me\u0111unarodne za\u0161tite i osobe kojima je ona odobrena. Vi\u0161e o ocjeni stanja u kontekstu pristupa me\u0111unarodnoj za\u0161titi mo\u017eete prona\u0107i <a href=\"hr\/izvjesca-2017\/izvjesce-pp-2017\/send\/82-izvjesca-2017\/1126-izvjesce-pucke-pravobraniteljice-za-2017-godinu#page=220\">ovdje<\/a>, a o nedostacima sustava integracije <a href=\"hr\/izvjesca-2017\/izvjesce-pp-2017\/send\/82-izvjesca-2017\/1126-izvjesce-pucke-pravobraniteljice-za-2017-godinu#page=223\">ovdje<\/a>.<\/p>\n","protected":false},"excerpt":{"rendered":"<p>Svake dvije sekunde u 2017. godini je jedna osoba bila prisiljena napustiti svoj dom zbog konflikta ili progona, a u toj je situaciji u ovom trenutku vi\u0161e od 68 milijuna ljudi, upozorili su Ujedinjeni narodi povodom Svjetskog dana izbjeglica koji se obilje\u017eava 20. lipnja svake godine. Za usporedbu, rije\u010d je o broju koji je 16 [&hellip;]<\/p>\n","protected":false},"author":1,"featured_media":3085,"comment_status":"closed","ping_status":"closed","sticky":false,"template":"","format":"standard","meta":{"footnotes":""},"categories":[2090],"tags":[414,658,1288],"class_list":["post-2388","post","type-post","status-publish","format-standard","has-post-thumbnail","hentry","category-novosti","tag-migracije","tag-un","tag-zastita-i-promocija-ljudskih-prava"],"_links":{"self":[{"href":"https:\/\/www.ombudsman.hr\/hr\/wp-json\/wp\/v2\/posts\/2388","targetHints":{"allow":["GET"]}}],"collection":[{"href":"https:\/\/www.ombudsman.hr\/hr\/wp-json\/wp\/v2\/posts"}],"about":[{"href":"https:\/\/www.ombudsman.hr\/hr\/wp-json\/wp\/v2\/types\/post"}],"author":[{"embeddable":true,"href":"https:\/\/www.ombudsman.hr\/hr\/wp-json\/wp\/v2\/users\/1"}],"replies":[{"embeddable":true,"href":"https:\/\/www.ombudsman.hr\/hr\/wp-json\/wp\/v2\/comments?post=2388"}],"version-history":[{"count":2,"href":"https:\/\/www.ombudsman.hr\/hr\/wp-json\/wp\/v2\/posts\/2388\/revisions"}],"predecessor-version":[{"id":4644,"href":"https:\/\/www.ombudsman.hr\/hr\/wp-json\/wp\/v2\/posts\/2388\/revisions\/4644"}],"wp:featuredmedia":[{"embeddable":true,"href":"https:\/\/www.ombudsman.hr\/hr\/wp-json\/wp\/v2\/media\/3085"}],"wp:attachment":[{"href":"https:\/\/www.ombudsman.hr\/hr\/wp-json\/wp\/v2\/media?parent=2388"}],"wp:term":[{"taxonomy":"category","embeddable":true,"href":"https:\/\/www.ombudsman.hr\/hr\/wp-json\/wp\/v2\/categories?post=2388"},{"taxonomy":"post_tag","embeddable":true,"href":"https:\/\/www.ombudsman.hr\/hr\/wp-json\/wp\/v2\/tags?post=2388"}],"curies":[{"name":"wp","href":"https:\/\/api.w.org\/{rel}","templated":true}]}}