{"id":23733,"date":"2026-04-22T16:44:01","date_gmt":"2026-04-22T14:44:01","guid":{"rendered":"https:\/\/www.ombudsman.hr\/hr\/?p=23733"},"modified":"2026-04-30T13:50:53","modified_gmt":"2026-04-30T11:50:53","slug":"pucka-pravobraniteljica-odala-pocast-zrtvama-jasenovca","status":"publish","type":"post","link":"https:\/\/www.ombudsman.hr\/hr\/pucka-pravobraniteljica-odala-pocast-zrtvama-jasenovca\/","title":{"rendered":"Pu\u010dka pravobraniteljica odala po\u010dast \u017ertvama Jasenovca"},"content":{"rendered":"<p>U povodu obilje\u017eavanja 81. obljetnice proboja zato\u010denika iz usta\u0161kog koncentracijskog logora Jasenovac, pu\u010dka pravobraniteljica Tena \u0160imonovi\u0107 Einwalter simboli\u010dkim polaganjem ru\u017ee podno jasenova\u010dkog spomenika Cvijet odala je po\u010dast svim \u017ertvama logora i pre\u017eivjelim logora\u0161ima te stradalima tijekom usta\u0161kog re\u017eima.<\/p>\n<p>Uz pre\u017eivjele logora\u0161e i druge gra\u0111ane, u sklopu komemoracije \u201eSje\u0107anje za budu\u0107nost\u201c sudjelovali su i predstavnici dr\u017eavnog vrha, nacionalnih manjina, vjerskih zajednica, antifa\u0161isti\u010dkih udruga, politi\u010dkih stranaka, diplomatskog zbora, lokalne i podru\u010dne samouprave i civilnog dru\u0161tva.<\/p>\n<p>Ina\u010de, prema podacima Javne ustanove Spomen-podru\u010dje Jasenovac, tijekom gotovo \u010detiri godine logor Jasenovac bio je mjesto sustavnog ubijanja mu\u0161karaca, \u017eena i djece, najvi\u0161e Srba, Roma i \u017didova, ali i politi\u010dkih zatvorenika te pripadnika drugih naroda, uklju\u010duju\u0107i Hrvate, Bo\u0161njake i Slovence, a ukupno je poimenice utvr\u0111eno vi\u0161e od 83 tisu\u0107e \u017ertava.<\/p>\n<p>Kako se ovo mra\u010dno razdoblje povijesti ne bi nikada vi\u0161e ponovilo, klju\u010dno je da mladi i dana\u0161nje generacije u\u010de o Drugom svjetskom ratu i stradavanju svih nevinih \u017ertava, ali i o ljudskim pravima, jednakosti i solidarnosti, s ciljem upoznavanja o opasnostima stereotipa, predrasuda, govora mr\u017enje i la\u017enih vijesti kojima su gotovo svakodnevno izlo\u017eeni.<\/p>\n","protected":false},"excerpt":{"rendered":"<p>U povodu obilje\u017eavanja 81. obljetnice proboja zato\u010denika iz usta\u0161kog koncentracijskog logora Jasenovac, pu\u010dka pravobraniteljica Tena \u0160imonovi\u0107 Einwalter simboli\u010dkim polaganjem ru\u017ee podno jasenova\u010dkog spomenika Cvijet odala je po\u010dast svim \u017ertvama logora i pre\u017eivjelim logora\u0161ima te stradalima tijekom usta\u0161kog re\u017eima. Uz pre\u017eivjele logora\u0161e i druge gra\u0111ane, u sklopu komemoracije \u201eSje\u0107anje za budu\u0107nost\u201c sudjelovali su i predstavnici dr\u017eavnog [&hellip;]<\/p>\n","protected":false},"author":9,"featured_media":23736,"comment_status":"closed","ping_status":"closed","sticky":false,"template":"","format":"standard","meta":{"footnotes":""},"categories":[2090],"tags":[629,1288],"class_list":["post-23733","post","type-post","status-publish","format-standard","has-post-thumbnail","hentry","category-novosti","tag-suzbijanje-diskriminacije","tag-zastita-i-promocija-ljudskih-prava"],"_links":{"self":[{"href":"https:\/\/www.ombudsman.hr\/hr\/wp-json\/wp\/v2\/posts\/23733","targetHints":{"allow":["GET"]}}],"collection":[{"href":"https:\/\/www.ombudsman.hr\/hr\/wp-json\/wp\/v2\/posts"}],"about":[{"href":"https:\/\/www.ombudsman.hr\/hr\/wp-json\/wp\/v2\/types\/post"}],"author":[{"embeddable":true,"href":"https:\/\/www.ombudsman.hr\/hr\/wp-json\/wp\/v2\/users\/9"}],"replies":[{"embeddable":true,"href":"https:\/\/www.ombudsman.hr\/hr\/wp-json\/wp\/v2\/comments?post=23733"}],"version-history":[{"count":1,"href":"https:\/\/www.ombudsman.hr\/hr\/wp-json\/wp\/v2\/posts\/23733\/revisions"}],"predecessor-version":[{"id":23737,"href":"https:\/\/www.ombudsman.hr\/hr\/wp-json\/wp\/v2\/posts\/23733\/revisions\/23737"}],"wp:featuredmedia":[{"embeddable":true,"href":"https:\/\/www.ombudsman.hr\/hr\/wp-json\/wp\/v2\/media\/23736"}],"wp:attachment":[{"href":"https:\/\/www.ombudsman.hr\/hr\/wp-json\/wp\/v2\/media?parent=23733"}],"wp:term":[{"taxonomy":"category","embeddable":true,"href":"https:\/\/www.ombudsman.hr\/hr\/wp-json\/wp\/v2\/categories?post=23733"},{"taxonomy":"post_tag","embeddable":true,"href":"https:\/\/www.ombudsman.hr\/hr\/wp-json\/wp\/v2\/tags?post=23733"}],"curies":[{"name":"wp","href":"https:\/\/api.w.org\/{rel}","templated":true}]}}