{"id":23596,"date":"2026-04-22T18:17:08","date_gmt":"2026-04-22T16:17:08","guid":{"rendered":"https:\/\/www.ombudsman.hr\/hr\/?p=23596"},"modified":"2026-04-29T12:22:14","modified_gmt":"2026-04-29T10:22:14","slug":"predavanje-studentima-rijeckog-filozofskog-fakulteta","status":"publish","type":"post","link":"https:\/\/www.ombudsman.hr\/hr\/predavanje-studentima-rijeckog-filozofskog-fakulteta\/","title":{"rendered":"Predavanje studentima rije\u010dkog Filozofskog fakulteta"},"content":{"rendered":"<p>Kako bi se pobli\u017ee upoznali s institucijom pu\u010dke pravobraniteljice, a posebno njezinom ulogom sredi\u0161njeg tijela za suzbijanje diskriminacije, zamjenica pu\u010dke pravobraniteljice Dijana Kesonja 22. travnja 2026. odr\u017eala je predavanje o diskriminaciji studentima Filozofskog fakulteta Sveu\u010dili\u0161ta u Rijeci.<\/p>\n<p>Predstaviv\u0161i djelovanje i mandate institucije, zamjenica se osvrnula na rezultate istra\u017eivanja o stavovima i razini svijesti o diskriminaciji i pojavnim oblicima diskriminacije koje na\u0161 Ured periodi\u010dno provodi s ciljem pra\u0107enja trendova u dru\u0161tvu.<\/p>\n<p>Studentima je pojasnila i pravni okvir kojim se regulira zabrana diskriminatornog postupanja, prije svega, Zakon o suzbijanju diskriminacije te europske i me\u0111unarodne pravne temelje, ali i \u0161to diskriminacija zapravo predstavlja, diskriminacijske osnove, oblike diskriminacije, ali i \u0161to, primjerice, podrazumijeva intersekcijska diskriminacija.<\/p>\n<p>Kroz konkretne slu\u010dajeve iz prakse pu\u010dke pravobraniteljice u predmetima vezanim za diskriminaciju, zamjenica je studentima pribli\u017eila i razne primjere diskriminatornog pona\u0161anja, kako ih prepoznati i suzbijati, naglasiv\u0161i da je sukladno Zakonu o suzbijanju diskriminacije ona zabranjena kako u javnom tako i u privatnom sektoru.<\/p>\n<p>Govore\u0107i o mogu\u0107nostima za\u0161tite od diskriminacije, zamjenica je ukazala na mogu\u0107nost podno\u0161enja pritu\u017ebe pu\u010dkoj pravobraniteljici, ali i nekom od posebnih pravobranitelja, kao i policiji te izravno sudu, a da odluku radi li se u nekom konkretnom slu\u010daju uistinu o diskriminaciji ili ne u kona\u010dnici donosi sud.<\/p>\n<p>Studenti su tijekom predavanja pokazali izniman interes za navedenu tematiku koja im je pribli\u017eena kroz interaktivnu diskusiju i razmjenu promi\u0161ljanja o pojedinim mogu\u0107im slu\u010dajevima diskriminacije.<\/p>\n","protected":false},"excerpt":{"rendered":"<p>Kako bi se pobli\u017ee upoznali s institucijom pu\u010dke pravobraniteljice, a posebno njezinom ulogom sredi\u0161njeg tijela za suzbijanje diskriminacije, zamjenica pu\u010dke pravobraniteljice Dijana Kesonja 22. travnja 2026. odr\u017eala je predavanje o diskriminaciji studentima Filozofskog fakulteta Sveu\u010dili\u0161ta u Rijeci. Predstaviv\u0161i djelovanje i mandate institucije, zamjenica se osvrnula na rezultate istra\u017eivanja o stavovima i razini svijesti o diskriminaciji [&hellip;]<\/p>\n","protected":false},"author":9,"featured_media":22506,"comment_status":"closed","ping_status":"closed","sticky":false,"template":"","format":"standard","meta":{"footnotes":""},"categories":[2090],"tags":[629,2006],"class_list":["post-23596","post","type-post","status-publish","format-standard","has-post-thumbnail","hentry","category-novosti","tag-suzbijanje-diskriminacije","tag-edukacije"],"_links":{"self":[{"href":"https:\/\/www.ombudsman.hr\/hr\/wp-json\/wp\/v2\/posts\/23596","targetHints":{"allow":["GET"]}}],"collection":[{"href":"https:\/\/www.ombudsman.hr\/hr\/wp-json\/wp\/v2\/posts"}],"about":[{"href":"https:\/\/www.ombudsman.hr\/hr\/wp-json\/wp\/v2\/types\/post"}],"author":[{"embeddable":true,"href":"https:\/\/www.ombudsman.hr\/hr\/wp-json\/wp\/v2\/users\/9"}],"replies":[{"embeddable":true,"href":"https:\/\/www.ombudsman.hr\/hr\/wp-json\/wp\/v2\/comments?post=23596"}],"version-history":[{"count":2,"href":"https:\/\/www.ombudsman.hr\/hr\/wp-json\/wp\/v2\/posts\/23596\/revisions"}],"predecessor-version":[{"id":23601,"href":"https:\/\/www.ombudsman.hr\/hr\/wp-json\/wp\/v2\/posts\/23596\/revisions\/23601"}],"wp:featuredmedia":[{"embeddable":true,"href":"https:\/\/www.ombudsman.hr\/hr\/wp-json\/wp\/v2\/media\/22506"}],"wp:attachment":[{"href":"https:\/\/www.ombudsman.hr\/hr\/wp-json\/wp\/v2\/media?parent=23596"}],"wp:term":[{"taxonomy":"category","embeddable":true,"href":"https:\/\/www.ombudsman.hr\/hr\/wp-json\/wp\/v2\/categories?post=23596"},{"taxonomy":"post_tag","embeddable":true,"href":"https:\/\/www.ombudsman.hr\/hr\/wp-json\/wp\/v2\/tags?post=23596"}],"curies":[{"name":"wp","href":"https:\/\/api.w.org\/{rel}","templated":true}]}}