{"id":23590,"date":"2026-04-23T17:08:04","date_gmt":"2026-04-23T15:08:04","guid":{"rendered":"https:\/\/www.ombudsman.hr\/hr\/?p=23590"},"modified":"2026-04-29T12:11:02","modified_gmt":"2026-04-29T10:11:02","slug":"uvodna-konferencija-programa-civil-society-fund","status":"publish","type":"post","link":"https:\/\/www.ombudsman.hr\/hr\/uvodna-konferencija-programa-civil-society-fund\/","title":{"rendered":"Uvodna konferencija programa Civil Society Fund"},"content":{"rendered":"<p>U sklopu uvodne konferencije programa Civil Society Fund u Republici Hrvatskoj (CSF) \u201eIzme\u0111u pritisaka i potencijala: Uloga civilnog dru\u0161tva u Hrvatskoj\u201c koja se odr\u017eala 23. travnja 2026., zamjenica pu\u010dke pravobraniteljice Dijana Kesonja predstavila je Izvje\u0161\u0107e pu\u010dke pravobraniteljice za 2025. godinu i analizu stanja ljudskih prava i jednakosti u Hrvatskoj.<\/p>\n<p>U sklopu izlaganja zamjenica Kesonja ukratko je predstavila mandate institucije pu\u010dke pravobraniteljice i statisti\u010dki pregled pritu\u017ebi instituciji, naglasiv\u0161i kako je 2025. bila rekordna godina po broju pritu\u017ebi gra\u0111ana od njezina osnutka.<\/p>\n<p>Ukupno gledaju\u0107i, zamjenica Kesonja ukazala je kako su ljudska prava u na\u0161oj zemlji, na\u017ealost, stagnirala, a u nekim podru\u010djima i nazadovala.<\/p>\n<p>Trendovi pokazuju da su najve\u0107i problemi i dalje povezani s nedovoljno dostupnom zdravstvenom za\u0161titom, propustima u u\u010dinkovitom djelovanju socijalne dr\u017eave, rastu\u0107im siroma\u0161tvom starijih osoba, te netrpeljivo\u0161\u0107u prema manjinskim skupinama, posebice srpskoj i romskoj nacionalnoj manjini i migrantima, uklju\u010duju\u0107i i stranim radnicima.<\/p>\n<p>Su\u017eavao se i prostor za kriti\u010dke glasove, prije svega, djelovanje novinara, civilnog dru\u0161tva i neovisnih institucija, rastao je govor mr\u017enje, online i u stvarnom svijetu, \u0161irile su se i dezinformacije i la\u017ene vijesti, a otvorilo se i pitanje mjesta javnih okupljanja i poruka koje se s njih \u0161alju, dok su zatvori i dalje prenapu\u010deni s neodgovaraju\u0107im uvjetima smje\u0161taja.<\/p>\n<p>Zamjenica se posebno osvrnula na podru\u010dje ostvarivanja prava na zdravlje kao podru\u010dja u kojem je zabilje\u017eeno najvi\u0161e pritu\u017ebi gra\u0111ana, kao i podru\u010dje diskriminacije koje je isto u samom vrhu ve\u0107 godinama, naglasiv\u0161i da je potrebno sna\u017enije ja\u010dati svijest o tome da je diskriminacija zakonom zabranjena, kako je prepoznati i kako se od nje za\u0161tititi.<\/p>\n<p>Govore\u0107i o siroma\u0161tvu zamjenica Kesonja je ukazala kako ono i dalje raste kod najranjivijih skupina, a da socijalne naknade ne omogu\u0107avaju dostojanstven \u017eivot niti izlazak iz siroma\u0161tva. Posebno su ugro\u017eene starije osobe, koje se suo\u010davaju i sa zna\u010dajnim problemima u ostvarivanju prava na zdravlje, manjkom palijativne skrbi, problemima vezanim za domove za starije ili ugovore o uzdr\u017eavanju.<\/p>\n<p>Zamjenica Kesonja osvrnula se i na izazove u podru\u010dju slobode medija, prije svega, problem SLAPP tu\u017ebi usmjerenih protiv novinara, ali i drugih branitelja ljudskih prava, kao i podru\u010dje za\u0161tite prijavitelja nepravilnosti. Ukratko je ukazala i na probleme vezane za rad i ostvarivanje radnih prava, kako doma\u0107ih, tako i stranih radnika.<\/p>\n<p>Na kraju izlaganja zamjenica je ukazala i na neke dugoro\u010dne i strukturne probleme, ponajvi\u0161e probleme u svakodnevnim kontaktima gra\u0111ana s razli\u010ditim tijelima javne vlasti, pristup ovih tijela koji \u010desto nije utemeljen na ljudskim pravima, nedovoljno transparentne procese i nepovjerenje u institucije, kao i regionalne razlike u ostvarivanju razli\u010ditih prava, ali i kroni\u010dni nedostatak djelatnika na zahtjevnim poslovima u dijelovima javnog sektora.<\/p>\n<p>Cijelo Izvje\u0161\u0107e pu\u010dke pravobraniteljice za 2025. mo\u017eete prona\u0107i <a href=\"https:\/\/www.ombudsman.hr\/hr\/download\/izvjesce-pucke-pravobraniteljice-za-2025-godinu\/?wpdmdl=23118&#038;refresh=69eb64b08aa811777034416\">ovdje<\/a>.<\/p>\n","protected":false},"excerpt":{"rendered":"<p>U sklopu uvodne konferencije programa Civil Society Fund u Republici Hrvatskoj (CSF) \u201eIzme\u0111u pritisaka i potencijala: Uloga civilnog dru\u0161tva u Hrvatskoj\u201c koja se odr\u017eala 23. travnja 2026., zamjenica pu\u010dke pravobraniteljice Dijana Kesonja predstavila je Izvje\u0161\u0107e pu\u010dke pravobraniteljice za 2025. godinu i analizu stanja ljudskih prava i jednakosti u Hrvatskoj. U sklopu izlaganja zamjenica Kesonja ukratko [&hellip;]<\/p>\n","protected":false},"author":9,"featured_media":23591,"comment_status":"closed","ping_status":"closed","sticky":false,"template":"","format":"standard","meta":{"footnotes":""},"categories":[2090],"tags":[629,1288],"class_list":["post-23590","post","type-post","status-publish","format-standard","has-post-thumbnail","hentry","category-novosti","tag-suzbijanje-diskriminacije","tag-zastita-i-promocija-ljudskih-prava"],"_links":{"self":[{"href":"https:\/\/www.ombudsman.hr\/hr\/wp-json\/wp\/v2\/posts\/23590","targetHints":{"allow":["GET"]}}],"collection":[{"href":"https:\/\/www.ombudsman.hr\/hr\/wp-json\/wp\/v2\/posts"}],"about":[{"href":"https:\/\/www.ombudsman.hr\/hr\/wp-json\/wp\/v2\/types\/post"}],"author":[{"embeddable":true,"href":"https:\/\/www.ombudsman.hr\/hr\/wp-json\/wp\/v2\/users\/9"}],"replies":[{"embeddable":true,"href":"https:\/\/www.ombudsman.hr\/hr\/wp-json\/wp\/v2\/comments?post=23590"}],"version-history":[{"count":1,"href":"https:\/\/www.ombudsman.hr\/hr\/wp-json\/wp\/v2\/posts\/23590\/revisions"}],"predecessor-version":[{"id":23592,"href":"https:\/\/www.ombudsman.hr\/hr\/wp-json\/wp\/v2\/posts\/23590\/revisions\/23592"}],"wp:featuredmedia":[{"embeddable":true,"href":"https:\/\/www.ombudsman.hr\/hr\/wp-json\/wp\/v2\/media\/23591"}],"wp:attachment":[{"href":"https:\/\/www.ombudsman.hr\/hr\/wp-json\/wp\/v2\/media?parent=23590"}],"wp:term":[{"taxonomy":"category","embeddable":true,"href":"https:\/\/www.ombudsman.hr\/hr\/wp-json\/wp\/v2\/categories?post=23590"},{"taxonomy":"post_tag","embeddable":true,"href":"https:\/\/www.ombudsman.hr\/hr\/wp-json\/wp\/v2\/tags?post=23590"}],"curies":[{"name":"wp","href":"https:\/\/api.w.org\/{rel}","templated":true}]}}