{"id":23578,"date":"2026-04-23T15:52:27","date_gmt":"2026-04-23T13:52:27","guid":{"rendered":"https:\/\/www.ombudsman.hr\/hr\/?p=23578"},"modified":"2026-04-30T13:40:59","modified_gmt":"2026-04-30T11:40:59","slug":"posjet-ucenika-iv-gimnazije","status":"publish","type":"post","link":"https:\/\/www.ombudsman.hr\/hr\/posjet-ucenika-iv-gimnazije\/","title":{"rendered":"Posjet u\u010denika IV. gimnazije"},"content":{"rendered":"<p>U sklopu fakultativnog predmeta \u0160kola i zajednica, Ured pu\u010dke pravobraniteljice 23. travnja 2026. posjetili su u\u010denici zagreba\u010dke IV. gimnazije.<\/p>\n<p>U\u010denike su ugostile savjetnice pu\u010dke pravobraniteljice Monika \u010cavlovi\u0107 i Vedrana Peri\u0161in te im pribli\u017eile temu govora mr\u017enje u javnom prostoru, \u0161to je i tema ovogodi\u0161njeg istra\u017eivanja u\u010denika IV. gimnazije u sklopu \u0160iZ-a.<\/p>\n<p>Savjetnice su se zajedno s u\u010denicima osvrnule na pojavu govora mr\u017enje na internetu i njihova iskustva o ovom rastu\u0107em problemu, a posebno su im pojasnile i djelovanje pu\u010dke pravobraniteljice u ovom podru\u010dju, kao nacionalne institucije za za\u0161titu ljudskih prava i sredi\u0161njeg tijela za suzbijanje diskriminacije.<\/p>\n<p>Isto tako, savjetnice su u\u010denicima pojasnile govor mr\u017enje u u\u017eem i \u0161irem smislu, kao i razlike u odnosu na uvredljiv ili neprimjeren govor, kao i razli\u010dite na\u010dine i oblike pojave govora mr\u017enje u javnom prostoru, a posebno na internetu i dru\u0161tvenim mre\u017eama.<\/p>\n<p>U\u010denici su pokazali velik interes za ovu temu, a posebno ih je zanimalo na koji na\u010din je govor mr\u017enje reguliran na dru\u0161tvenim mre\u017eama i postoje li razlike u tome, \u0161to za reguliranje govora mr\u017enje na internetu zna\u010di usvajanja Akta o digitalnim uslugama, za\u0161to se govor mr\u017enje ne procesuira u ve\u0107oj mjeri i postoji li odgovornost maloljetnih osoba za kori\u0161tenje i \u0161irenje govora mr\u017enje.<\/p>\n","protected":false},"excerpt":{"rendered":"<p>U sklopu fakultativnog predmeta \u0160kola i zajednica, Ured pu\u010dke pravobraniteljice 23. travnja 2026. posjetili su u\u010denici zagreba\u010dke IV. gimnazije. U\u010denike su ugostile savjetnice pu\u010dke pravobraniteljice Monika \u010cavlovi\u0107 i Vedrana Peri\u0161in te im pribli\u017eile temu govora mr\u017enje u javnom prostoru, \u0161to je i tema ovogodi\u0161njeg istra\u017eivanja u\u010denika IV. gimnazije u sklopu \u0160iZ-a. Savjetnice su se zajedno [&hellip;]<\/p>\n","protected":false},"author":9,"featured_media":23579,"comment_status":"closed","ping_status":"closed","sticky":false,"template":"","format":"standard","meta":{"footnotes":""},"categories":[2090],"tags":[629,1829,1288],"class_list":["post-23578","post","type-post","status-publish","format-standard","has-post-thumbnail","hentry","category-novosti","tag-suzbijanje-diskriminacije","tag-govor-mrznje","tag-zastita-i-promocija-ljudskih-prava"],"_links":{"self":[{"href":"https:\/\/www.ombudsman.hr\/hr\/wp-json\/wp\/v2\/posts\/23578","targetHints":{"allow":["GET"]}}],"collection":[{"href":"https:\/\/www.ombudsman.hr\/hr\/wp-json\/wp\/v2\/posts"}],"about":[{"href":"https:\/\/www.ombudsman.hr\/hr\/wp-json\/wp\/v2\/types\/post"}],"author":[{"embeddable":true,"href":"https:\/\/www.ombudsman.hr\/hr\/wp-json\/wp\/v2\/users\/9"}],"replies":[{"embeddable":true,"href":"https:\/\/www.ombudsman.hr\/hr\/wp-json\/wp\/v2\/comments?post=23578"}],"version-history":[{"count":1,"href":"https:\/\/www.ombudsman.hr\/hr\/wp-json\/wp\/v2\/posts\/23578\/revisions"}],"predecessor-version":[{"id":23580,"href":"https:\/\/www.ombudsman.hr\/hr\/wp-json\/wp\/v2\/posts\/23578\/revisions\/23580"}],"wp:featuredmedia":[{"embeddable":true,"href":"https:\/\/www.ombudsman.hr\/hr\/wp-json\/wp\/v2\/media\/23579"}],"wp:attachment":[{"href":"https:\/\/www.ombudsman.hr\/hr\/wp-json\/wp\/v2\/media?parent=23578"}],"wp:term":[{"taxonomy":"category","embeddable":true,"href":"https:\/\/www.ombudsman.hr\/hr\/wp-json\/wp\/v2\/categories?post=23578"},{"taxonomy":"post_tag","embeddable":true,"href":"https:\/\/www.ombudsman.hr\/hr\/wp-json\/wp\/v2\/tags?post=23578"}],"curies":[{"name":"wp","href":"https:\/\/api.w.org\/{rel}","templated":true}]}}