{"id":22467,"date":"2025-09-01T08:00:29","date_gmt":"2025-09-01T06:00:29","guid":{"rendered":"https:\/\/www.ombudsman.hr\/hr\/?p=22467"},"modified":"2025-10-06T12:51:28","modified_gmt":"2025-10-06T10:51:28","slug":"projekt-sure-pristupi-za-koristenje-prava-i-ostvarivanje-jednakosti","status":"publish","type":"post","link":"https:\/\/www.ombudsman.hr\/hr\/projekt-sure-pristupi-za-koristenje-prava-i-ostvarivanje-jednakosti\/","title":{"rendered":"Projekt \u201eSURE &#8211; Pristupi za kori\u0161tenje prava i ostvarivanje jednakosti\u201c"},"content":{"rendered":"<p>Ured pu\u010dke pravobraniteljice sudjeluje u dvogodi\u0161njem projektu \u201eSURE &#8211; Pristupi za kori\u0161tenje prava i ostvarivanje jednakosti\u201c, kojeg provodi Centar za mirovne studije, zajedno s Ku\u0107om ljudskih prava Zagreb, Zelenom akcijom i mre\u017eom Justice and Environment.<\/p>\n<p>Projekt je usmjeren na osna\u017eivanje pravnih stru\u010dnjaka, institucija i gra\u0111ana za bolju primjenu Povelje Europske unije o temeljnim pravima i kori\u0161tenje strate\u0161ke litigacije u za\u0161titi temeljnih ljudskih prava.<\/p>\n<p>Projekt se temelji na uvjerenju da su temeljna prava stvarna i u\u010dinkovita samo ako ih ljudi poznaju, razumiju i mogu ih ostvarivati. Zbog toga je u sredi\u0161tu aktivnosti ja\u010danje kapaciteta onih koji \u0161tite prava, poput odvjetnika\/ica, organizacija civilnog dru\u0161tva i institucija, te informiranje i osna\u017eivanje gra\u0111ana kako bi znali koja su im prava zajam\u010dena i kojim mehanizmima ih mogu braniti.<\/p>\n<p>Kroz niz specijaliziranih edukacija i treninga pravni stru\u010dnjaci i organizacije civilnog dru\u0161tva imaju priliku razviti vje\u0161tine za kori\u0161tenje prava EU i Povelje u strate\u0161koj litigaciji, kako pred nacionalnim sudovima tako i pred Sudom Europske unije. Na taj na\u010din ja\u010damo kapacitete da u\u010dinkovito reagiramo na povrede prava i potaknemo dru\u0161tvene promjene u podru\u010djima prava na azil, zabrane diskriminacije, za\u0161tite okoli\u0161a, slobode izra\u017eavanja i za\u0161tite politi\u010dkog sudjelovanja i civilnog dru\u0161tva.<\/p>\n<p>Projekt tako\u0111er uklju\u010duje prikupljanje i analizu podataka o diskriminacijskim praksama, \u0161to \u0107e poslu\u017eiti kao podloga za strate\u0161ku litigaciju i pru\u017eiti potrebne dokaze u sudskim postupcima. Time se ne gradi samo znanje, ve\u0107 i konkretna infrastruktura za za\u0161titu ljudskih prava.<\/p>\n<p>Istovremeno, projekt je usmjeren i na \u0161iru javnost. Kroz promotivne aktivnosti, izradu edukativnih video materijala i kampanje na dru\u0161tvenim mre\u017eama gra\u0111anke i gra\u0111ani \u0107e se upoznati s pravima koja proizlaze iz Povelje o temeljnim pravima EU, ali i s dostupnim pravnim lijekovima i mehanizmima za\u0161tite. Videa* su izra\u0111ena na tri teme: <a href=\"https:\/\/www.ombudsman.hr\/hr\/odnos-institucija-prema-gradanima-vodic-kroz-pravo-na-dobro-upravljanje\/\">pravo na dobro upravljanje<\/a>, prava migrantskih radnika i SLAPP tu\u017ebe.<\/p>\n<p>Ovim projektom \u017eelimo doprinijeti stvaranju dru\u0161tva u kojem se temeljna prava ne do\u017eivljavaju samo kao apstraktna na\u010dela, ve\u0107 kao stvarna, dostupna i u\u010dinkovita za\u0161tita sloboda svakog pojedinca.<\/p>\n<div style=\"width: 800px;\" class=\"wp-video\"><video class=\"wp-video-shortcode\" id=\"video-22467-1\" width=\"800\" height=\"450\" preload=\"metadata\" controls=\"controls\"><source type=\"video\/mp4\" src=\"https:\/\/www.ombudsman.hr\/wp-content\/uploads\/2025\/10\/Pravo-na-dobro-upravljanje.mp4?_=1\" \/><a href=\"https:\/\/www.ombudsman.hr\/wp-content\/uploads\/2025\/10\/Pravo-na-dobro-upravljanje.mp4\">https:\/\/www.ombudsman.hr\/wp-content\/uploads\/2025\/10\/Pravo-na-dobro-upravljanje.mp4<\/a><\/video><\/div>\n<p>&nbsp;<\/p>\n<div style=\"width: 800px;\" class=\"wp-video\"><video class=\"wp-video-shortcode\" id=\"video-22467-2\" width=\"800\" height=\"450\" preload=\"metadata\" controls=\"controls\"><source type=\"video\/mp4\" src=\"https:\/\/www.ombudsman.hr\/wp-content\/uploads\/2025\/10\/SLAPP-tuzbe.mp4?_=2\" \/><a href=\"https:\/\/www.ombudsman.hr\/wp-content\/uploads\/2025\/10\/SLAPP-tuzbe.mp4\">https:\/\/www.ombudsman.hr\/wp-content\/uploads\/2025\/10\/SLAPP-tuzbe.mp4<\/a><\/video><\/div>\n<p>&nbsp;<\/p>\n<div style=\"width: 800px;\" class=\"wp-video\"><video class=\"wp-video-shortcode\" id=\"video-22467-3\" width=\"800\" height=\"450\" preload=\"metadata\" controls=\"controls\"><source type=\"video\/mp4\" src=\"https:\/\/www.ombudsman.hr\/wp-content\/uploads\/2025\/10\/Migrantski-radnici.mp4?_=3\" \/><a href=\"https:\/\/www.ombudsman.hr\/wp-content\/uploads\/2025\/10\/Migrantski-radnici.mp4\">https:\/\/www.ombudsman.hr\/wp-content\/uploads\/2025\/10\/Migrantski-radnici.mp4<\/a><\/video><\/div>\n<p>&nbsp;<\/p>\n<p><em><img decoding=\"async\" class=\" wp-image-22468 alignleft\" src=\"https:\/\/www.ombudsman.hr\/wp-content\/uploads\/2025\/10\/Financirano-sredstvima-Europske-unije-300x63.jpg\" alt=\"\" width=\"352\" height=\"74\" srcset=\"https:\/\/www.ombudsman.hr\/wp-content\/uploads\/2025\/10\/Financirano-sredstvima-Europske-unije-300x63.jpg 300w, https:\/\/www.ombudsman.hr\/wp-content\/uploads\/2025\/10\/Financirano-sredstvima-Europske-unije-1024x215.jpg 1024w, https:\/\/www.ombudsman.hr\/wp-content\/uploads\/2025\/10\/Financirano-sredstvima-Europske-unije-768x161.jpg 768w, https:\/\/www.ombudsman.hr\/wp-content\/uploads\/2025\/10\/Financirano-sredstvima-Europske-unije-1536x323.jpg 1536w, https:\/\/www.ombudsman.hr\/wp-content\/uploads\/2025\/10\/Financirano-sredstvima-Europske-unije-2048x430.jpg 2048w\" sizes=\"(max-width: 352px) 100vw, 352px\" \/>\u00a0<\/em><\/p>\n<p>&nbsp;<\/p>\n<p>&nbsp;<\/p>\n<p><em><span style=\"font-size: 14px;\">Financirano sredstvima Europske unije. Izra\u017eeni stavovi i mi\u0161ljenja ne odra\u017eavaju nu\u017eno stavove Europske unije ili Europske izvr\u0161ne agencije za obrazovanje i kulturu, a niti se mogu se smatrati odgovornima za njih.<\/span><\/em><\/p>\n<p>&nbsp;<\/p>\n<p><span style=\"font-size: 14px;\">*Video materijali izra\u0111eni su pomo\u0107u alata umjetne inteligencije.<\/span><\/p>\n","protected":false},"excerpt":{"rendered":"<p>Ured pu\u010dke pravobraniteljice sudjeluje u dvogodi\u0161njem projektu \u201eSURE &#8211; Pristupi za kori\u0161tenje prava i ostvarivanje jednakosti\u201c, kojeg provodi Centar za mirovne studije, zajedno s Ku\u0107om ljudskih prava Zagreb, Zelenom akcijom i mre\u017eom Justice and Environment. Projekt je usmjeren na osna\u017eivanje pravnih stru\u010dnjaka, institucija i gra\u0111ana za bolju primjenu Povelje Europske unije o temeljnim pravima i [&hellip;]<\/p>\n","protected":false},"author":11,"featured_media":15085,"comment_status":"closed","ping_status":"closed","sticky":false,"template":"","format":"standard","meta":{"footnotes":""},"categories":[2090],"tags":[2036,2035,2047,1985,1851,1844,2113],"class_list":["post-22467","post","type-post","status-publish","format-standard","has-post-thumbnail","hentry","category-novosti","tag-branitelji-ljudskih-prava","tag-dobro-upravljanje","tag-pravo-na-dobro-upravljanje","tag-pravo-na-zdrav-zivot","tag-radnici","tag-sloboda-izrazavanja","tag-strani-radnici"],"_links":{"self":[{"href":"https:\/\/www.ombudsman.hr\/hr\/wp-json\/wp\/v2\/posts\/22467","targetHints":{"allow":["GET"]}}],"collection":[{"href":"https:\/\/www.ombudsman.hr\/hr\/wp-json\/wp\/v2\/posts"}],"about":[{"href":"https:\/\/www.ombudsman.hr\/hr\/wp-json\/wp\/v2\/types\/post"}],"author":[{"embeddable":true,"href":"https:\/\/www.ombudsman.hr\/hr\/wp-json\/wp\/v2\/users\/11"}],"replies":[{"embeddable":true,"href":"https:\/\/www.ombudsman.hr\/hr\/wp-json\/wp\/v2\/comments?post=22467"}],"version-history":[{"count":7,"href":"https:\/\/www.ombudsman.hr\/hr\/wp-json\/wp\/v2\/posts\/22467\/revisions"}],"predecessor-version":[{"id":22484,"href":"https:\/\/www.ombudsman.hr\/hr\/wp-json\/wp\/v2\/posts\/22467\/revisions\/22484"}],"wp:featuredmedia":[{"embeddable":true,"href":"https:\/\/www.ombudsman.hr\/hr\/wp-json\/wp\/v2\/media\/15085"}],"wp:attachment":[{"href":"https:\/\/www.ombudsman.hr\/hr\/wp-json\/wp\/v2\/media?parent=22467"}],"wp:term":[{"taxonomy":"category","embeddable":true,"href":"https:\/\/www.ombudsman.hr\/hr\/wp-json\/wp\/v2\/categories?post=22467"},{"taxonomy":"post_tag","embeddable":true,"href":"https:\/\/www.ombudsman.hr\/hr\/wp-json\/wp\/v2\/tags?post=22467"}],"curies":[{"name":"wp","href":"https:\/\/api.w.org\/{rel}","templated":true}]}}