{"id":22453,"date":"2025-10-01T09:19:24","date_gmt":"2025-10-01T07:19:24","guid":{"rendered":"https:\/\/www.ombudsman.hr\/hr\/?p=22453"},"modified":"2025-10-01T09:19:24","modified_gmt":"2025-10-01T07:19:24","slug":"sto-je-ageizam-i-kako-ga-prepoznati","status":"publish","type":"post","link":"https:\/\/www.ombudsman.hr\/hr\/sto-je-ageizam-i-kako-ga-prepoznati\/","title":{"rendered":"\u0160to je ageizam i kako ga prepoznati"},"content":{"rendered":"<p>Iako ne postoji slu\u017ebeni prijevod rije\u010di ageizam, njegove posljedice itekako su prisutne u Hrvatskoj. To su stereotipi i predrasude vezane uz ne\u010diju dob, a mogu dovesti i do diskriminacije. Ageizam poga\u0111a i mlade i starije, ovisno o situaciji.<\/p>\n<p>Povodom Me\u0111unarodnog dana starijih osoba koji se obilje\u017eava 1. 10. svake godine, fokus stavljamo upravo na starije osobe.<\/p>\n<p>U nastavku korisne informacije o tome kako prepoznati ageizam i kako na njega reagirati ako ugro\u017eava va\u0161a prava.<\/p>\n<p>&nbsp;<\/p>\n<h3><strong>Znakovi i posljedice ageizma<\/strong><\/h3>\n<p>Dob je jedna od prvih karakteristika koju uo\u010dimo na osobi, a kada ona negativno utje\u010de na ne\u010dije stavove i pona\u0161anja, mo\u017eemo govoriti o tzv. ageizmu. On mo\u017ee biti usmjeren i na mlade i na starije, mo\u017ee biti svjestan ili nesvjestan, a mo\u017ee biti vidljiv u postupanju i pojedinaca i institucija, dakle u propisima i praksama. Bez obzira na \u0161to se odnosi, posljedice ageizma mogu biti ozbiljne.<\/p>\n<blockquote><p>Stereotipi i predrasude prema dobi mogu dovesti i do diskriminacije, \u0161to utje\u010de i na tjelesno i mentalno zdravlje te dovodi do pove\u0107ane dru\u0161tvene izolacije i usamljenosti, ve\u0107e financijske nesigurnosti i smanjuje kvalitetu \u017eivota.<\/p><\/blockquote>\n<p>Pojam ageizam (eng. ageism) osmislio je 1969. Robert Butler, prvi ravnatelj Nacionalnog instituta za starenje SAD-a. Prema <a href=\"https:\/\/www.who.int\/news-room\/questions-and-answers\/item\/ageing-ageism\">Svjetskoj zdravstvenoj organizaciji<\/a>, ageizam su stereotipi (kako razmi\u0161ljamo), predrasude (kako se osje\u0107amo) i diskriminacija (kako se pona\u0161amo) usmjereni prema nekome zbog njihove dobi. Navode i kako se \u201eageizam pojavljuje kad se ljude kategorizira i dijeli na osnovi dobi i na na\u010din koji im uzrokuje \u0161tetu, nepogodnosti i nepravdu\u201c, a kao mogu\u0107u posljedicu isti\u010du i naru\u0161avanje me\u0111ugeneracijske solidarnosti.<\/p>\n<p>Europska mre\u017ea tijela za jednakost (Equinet) <a href=\"http:\/\/www.equineteurope.org\/IMG\/pdf\/age_perspective_merged_-_equinet_en.pdf\">navodi<\/a> da ageizam daje (prevelik) zna\u010daj ne\u010dijoj dobi, odnosno djeluje tako da zbog njega umanjujemo ne\u010dije sposobnosti, mogu\u0107nosti, ambicije i vrijednost\u00a0 (samo) na temelju toga koliko imaju godina.<\/p>\n<p>Ageizam mo\u017ee dovesti i do diskriminacije na temelju dobi, koja je zabranjena Zakonom u suzbijanju diskriminacije, pri \u010demu osnova dobi \u010desto mo\u017ee biti povezana i s rasom, spolom, invaliditetom i drugim osnovama. No, za za\u0161titu prava velika je razlika radi li se o dobnoj diskriminaciji, kada je mogu\u0107e potra\u017eiti pravnu za\u0161titu, ili o ageizmu u obliku predrasuda i stereotipa za koje nije predvi\u0111ena pravna za\u0161tita. Protiv svega toga potrebno se boriti kroz javne politike, prvenstveno obrazovanje, kao i interakcijom razli\u010ditih dobnih skupina, ali i javnim osudama tih pojava.<\/p>\n<p>&nbsp;<\/p>\n<h3><strong>Primjeri ageizma<\/strong><\/h3>\n<p>Kad su u pitanju starije osobe, primjeri ageizma i dobne diskriminacije mogli bi biti:<\/p>\n<ul>\n<li>prikazivanje starijih kao nesposobnih, zaboravnih, mrzovoljnih, digitalno nepismenih i kao teret dru\u0161tvu, kao one koji nemaju vrijednosti za dru\u0161tvo<\/li>\n<li>ako nemate priliku donositi odluke za sebe, ve\u0107 to \u010dine \u010dlanovi obitelji ili netko drugi, iako niste li\u0161eni poslovne sposobnosti<\/li>\n<li>ako lije\u010dnici ne shva\u0107aju ozbiljno va\u0161e probleme sa zdravljem jer ih pripisuju starosti, iako su zapravo simptomi bolesti<\/li>\n<li>ako vam ljudi tepaju ili razgovaraju s vama kao s djetetom, iako ste u potpunosti sposobni ravnopravno razgovarati s njima<\/li>\n<\/ul>\n<ul>\n<li>ako vas susjedi isklju\u010duju iz procesa odlu\u010divanja u stambenoj zgradi jer misle da ste prestari<\/li>\n<li>neuva\u017eavanje glasa i mi\u0161ljenja starijih osoba kod kreiranja javnih politika<\/li>\n<\/ul>\n<p>&nbsp;<\/p>\n<p>Prisutnost ageizma potvr\u0111uje i na\u0161e <a href=\"https:\/\/www.ombudsman.hr\/hr\/download\/istrazivanje-o-stavovima-i-razini-svijesti-o-diskriminaciji-i-pojavnim-oblicima-diskriminacije-2022\/?wpdmdl=15351&#038;refresh=63e0c6603768c1675675232\">\u201eIstra\u017eivanje o stavovima i razini svijesti o diskriminaciji i pojavnim oblicima diskriminacije\u201c<\/a> iz 2022. godine. Ono je pokazalo da 24% gra\u0111ana smatra da su starije generacije puno manje sposobne od mla\u0111ih. No, pozitivno je \u0161to broj ljudi koji dijele ovu predrasudu opada, pa je tako tu predrasudu dijelilo 29% gra\u0111ana u prethodnom valu istra\u017eivanja, koje je provedeno 2016. godine.<\/p>\n<p>&nbsp;<\/p>\n<h3><strong>Kako reagirati na ageizam<\/strong><\/h3>\n<p>Stereotipima, predrasudama i diskriminaciji potrebno se suprotstaviti, a to je mogu\u0107e u\u010diniti na vi\u0161e na\u010dina, ovisno o \u010demu se to\u010dno radi.<\/p>\n<p>Reagirati na stereotipe i predrasude je mogu\u0107e i kada ih do\u017eivimo ili im svjedo\u010dimo: osvijestiti osobu koja ih \u0161iri da ima neopravdano negativan stav prema nama\/nekome drugome samo zbog na\u0161e\/njihove dobi.<\/p>\n<p>Reagirati je svakako potrebno i kada je u pitanju diskriminacija, kao Ustavom i Zakonom o suzbijanju diskriminacije zabranjeno postupanje. <a href=\"https:\/\/ombudsman.hr\/wp-content\/uploads\/2025\/09\/Vodic-za-prepoznavanje-diskriminacije.pdf\">Ovdje mo\u017eete doznati kako je prepoznati<\/a>, a reagirati mo\u017eete na vi\u0161e na\u010dina:<\/p>\n<ul>\n<li><a href=\"https:\/\/www.ombudsman.hr\/hr\/imam-problem\/\">pritu\u017eiti se<\/a> pu\u010dkoj pravobraniteljici<\/li>\n<li><a href=\"https:\/\/www.ombudsman.hr\/hr\/kako-dobiti-besplatnu-pravnu-pomoc\/\">potra\u017eiti <\/a>besplatnu pravnu pomo\u0107<\/li>\n<li>savjetovati se s odvjetnikom prema svom izboru<\/li>\n<li>obratiti se sudu<\/li>\n<\/ul>\n<p>Za sustavniji odgovor na ageizam i dobnu diskriminaciju potrebno je donositi i provoditi kvalitetne javne politike (zakone, strategije, planove). Potrebno je i educirati gra\u0111ane o ljudskim pravima i jednakosti, od najmla\u0111e dobi, kao i kroz razli\u010dite edukativne i me\u0111ugeneracijske aktivnosti njegovati empatiju, me\u0111ugeneracijsku solidarnost i poticati interakciju izme\u0111u razli\u010ditih skupina dru\u0161tva i razli\u010ditih generacija, \u0161to uvelike mo\u017ee pomo\u0107i u smanjivanju predrasuda i stereotipa.<\/p>\n<p>Ovo su i ciljevi brojnih preporuka iz izvje\u0161\u0107a pu\u010dke pravobraniteljice od kojih posljednje, Izvje\u0161\u0107e za 2024. godinu, <a href=\"https:\/\/www.ombudsman.hr\/hr\/interaktivno-izvjesce-za-2024\/\">mo\u017eete prona\u0107i ovdje<\/a>. U njemu se nalaze i poglavlja \u201e<a href=\"https:\/\/www.ombudsman.hr\/hr\/prava-starijih-osoba-2024\/\">Prava starijih osoba<\/a>\u201c, \u201e<a href=\"https:\/\/www.ombudsman.hr\/hr\/mladi-2024\/\">Mladi<\/a>\u201c i \u201e<a href=\"https:\/\/www.ombudsman.hr\/hr\/diskriminacija-temeljem-dobi-2024\/\">Diskriminacija temeljem dobi<\/a>\u201c.<\/p>\n<p>&nbsp;<\/p>\n","protected":false},"excerpt":{"rendered":"<p>Iako ne postoji slu\u017ebeni prijevod rije\u010di ageizam, njegove posljedice itekako su prisutne u Hrvatskoj. To su stereotipi i predrasude vezane uz ne\u010diju dob, a mogu dovesti i do diskriminacije. Ageizam poga\u0111a i mlade i starije, ovisno o situaciji. Povodom Me\u0111unarodnog dana starijih osoba koji se obilje\u017eava 1. 10. svake godine, fokus stavljamo upravo na starije [&hellip;]<\/p>\n","protected":false},"author":11,"featured_media":21154,"comment_status":"closed","ping_status":"closed","sticky":false,"template":"","format":"standard","meta":{"footnotes":""},"categories":[2090],"tags":[607,2079,1873],"class_list":["post-22453","post","type-post","status-publish","format-standard","has-post-thumbnail","hentry","category-novosti","tag-starije-osobe","tag-korisne-informacije","tag-mladi"],"_links":{"self":[{"href":"https:\/\/www.ombudsman.hr\/hr\/wp-json\/wp\/v2\/posts\/22453","targetHints":{"allow":["GET"]}}],"collection":[{"href":"https:\/\/www.ombudsman.hr\/hr\/wp-json\/wp\/v2\/posts"}],"about":[{"href":"https:\/\/www.ombudsman.hr\/hr\/wp-json\/wp\/v2\/types\/post"}],"author":[{"embeddable":true,"href":"https:\/\/www.ombudsman.hr\/hr\/wp-json\/wp\/v2\/users\/11"}],"replies":[{"embeddable":true,"href":"https:\/\/www.ombudsman.hr\/hr\/wp-json\/wp\/v2\/comments?post=22453"}],"version-history":[{"count":2,"href":"https:\/\/www.ombudsman.hr\/hr\/wp-json\/wp\/v2\/posts\/22453\/revisions"}],"predecessor-version":[{"id":22455,"href":"https:\/\/www.ombudsman.hr\/hr\/wp-json\/wp\/v2\/posts\/22453\/revisions\/22455"}],"wp:featuredmedia":[{"embeddable":true,"href":"https:\/\/www.ombudsman.hr\/hr\/wp-json\/wp\/v2\/media\/21154"}],"wp:attachment":[{"href":"https:\/\/www.ombudsman.hr\/hr\/wp-json\/wp\/v2\/media?parent=22453"}],"wp:term":[{"taxonomy":"category","embeddable":true,"href":"https:\/\/www.ombudsman.hr\/hr\/wp-json\/wp\/v2\/categories?post=22453"},{"taxonomy":"post_tag","embeddable":true,"href":"https:\/\/www.ombudsman.hr\/hr\/wp-json\/wp\/v2\/tags?post=22453"}],"curies":[{"name":"wp","href":"https:\/\/api.w.org\/{rel}","templated":true}]}}