{"id":21643,"date":"2025-06-05T16:08:54","date_gmt":"2025-06-05T14:08:54","guid":{"rendered":"https:\/\/www.ombudsman.hr\/hr\/?p=21459"},"modified":"2025-06-05T16:37:19","modified_gmt":"2025-06-05T14:37:19","slug":"nacionalni-dan-prava-osoba-s-dusevnim-smetnjama","status":"publish","type":"post","link":"https:\/\/www.ombudsman.hr\/hr\/nacionalni-dan-prava-osoba-s-dusevnim-smetnjama\/","title":{"rendered":"Nacionalni dan prava osoba s du\u0161evnim smetnjama"},"content":{"rendered":"<p>Hrvatski sabor 6. lipnja proglasio je Nacionalnim danom prava osoba s du\u0161evnim smetnjama, koji se obilje\u017eava od 2012. godine. Prilika je to za ukazati na mnoge probleme s kojima se susre\u0107u &#8211; \u010destim predrasudama i stigmatizacijom (primjerice, svaka peta osoba u <a href=\"https:\/\/www.ombudsman.hr\/hr\/download\/istrazivanje-o-stavovima-i-razini-svijesti-o-diskriminaciji-i-pojavnim-oblicima-diskriminacije-2022\/?wpdmdl=15351&#038;refresh=63e0c6603768c1675675232\">istra\u017eivanju<\/a> o diskriminaciji kojeg smo proveli rekla je da bi joj bilo neugodno raditi s kolegom koji je osoba s du\u0161evnim smetnjama), ali i socijalnom isklju\u010deno\u0161\u0107u te drugim oblicima kr\u0161enja ljudskih prava osoba s du\u0161evnim smetnjama, a mogu biti i izlo\u017eene poni\u017eavaju\u0107em i neljudskom pona\u0161anju.<\/p>\n<p>Prava osoba s du\u0161evnim smetnjama institucija pu\u010dke pravobraniteljice \u0161titi kroz nekoliko svojih mandata. Temeljem ombudsmanskog postupa po pritu\u017ebama i pokre\u0107e predmete na vlastitu inicijativu, temeljem mandata nacionalne institucije za ljudska prava prati stanje ljudskih prava i izvje\u0161tava o izazovima s kojim se susre\u0107u osobe s du\u0161evnim smetnjama, dok temeljem mandata Nacionalnog preventivnog mehanizma za spre\u010davanje mu\u010denja i drugih okrutnih, neljudskih ili poni\u017eavaju\u0107ih postupaka ili ka\u017enjavanja (NPM) preventivno obilazi mjesta u kojima se nalaze osobe s du\u0161evnim smetnjama kojima je onemogu\u0107ena sloboda kretanja.<\/p>\n<p>Pritu\u017ebe koje smo zaprimali tijekom 2024. godine u najve\u0107oj mjeri odnosile su se na valjanost dobrovoljnog pristanka te smje\u0161taj na zatvorene odjele, ograni\u010davanje slobode kretanja i primjenu mjera prisile prema dobrovoljnim pacijentima te neinformiranost pacijenata o mogu\u0107nosti povla\u010denja pristanka.<\/p>\n<p>Naime, smje\u0161taj dobrovoljnih pacijenata na zatvorene odjele je zapravo li\u0161avanje slobode, na \u0161to pu\u010dka pravobraniteljica ukazuje godinama, a na to je upozorio i Europski odbor za sprje\u010davanje mu\u010denja i neljudskog ili poni\u017eavaju\u0107eg postupanja ili ka\u017enjavanja (CPT) Vije\u0107a Europe u svom posljednjem <a href=\"https:\/\/rm.coe.int\/1680ad6168\">izvje\u0161\u0107u<\/a> o redovitoj posjeti Hrvatskoj. Stoga je pu\u010dka pravobraniteljica i u posljednjem <a href=\"https:\/\/www.ombudsman.hr\/hr\/osobe-s-dusevnim-smetnjama-kojima-je-ogranicena-sloboda-kretanja-2024\/\">izvje\u0161\u0107u Hrvatskom saboru<\/a> u o\u017eujku ove godine ponovila preporuku psihijatrijskim ustanovama da se dobrovoljnim pacijentima ne ograni\u010dava sloboda kretanja imaju\u0107i na umu da osoba koja je dala informirani pristanak njega uvijek mo\u017ee i opozvati. Svakako je potrebno pobolj\u0161ati i razinu informiranosti pacijenata o njihovom zdravstvenom stanju, postupcima tijekom lije\u010denja, terapiji koju primaju i njihovim ostalim pravima jer dio pacijenata u svojim pritu\u017ebama isti\u010de nedostatnu informiranost.<\/p>\n<p>\u0160to se ti\u010de uvjeta smje\u0161taja osoba s du\u0161evnim smetnjama, situacija se razlikuje ovisno o pojedinoj ustanovi pa uz pozitivne primjere postoje i one koje ne ispunjavaju propisane standarde \u0161to ima negativan utjecaj na prava pacijenata, primjerice, njihovu privatnost ili dostojanstvo, a mo\u017ee dovesti i do neljudskog ili poni\u017eavaju\u0107eg postupanja.<\/p>\n<p>Na\u017ealost, velik problem predstavlja i nedostatak stru\u010dnog kadra, \u0161to u odre\u0111enim situacijama mo\u017ee utjecati na redovitu izradu individualnih planova lije\u010denja, njihovu primjenu i pra\u0107enje, kao i manjkavu evidenciju kod primjene mjera prisile.<\/p>\n<p>Stoga je za unaprje\u0111enje situacije i u\u010dinkovitije suzbijanje stigmatizacije i diskriminacije osoba s du\u0161evnim smetnjama potrebno unaprijediti me\u0111uresornu suradnju, pogotovo u podru\u010dju zdravstveno-socijalne skrbi, osna\u017eiti izvaninstitucionalnu podr\u0161ku i dostupnost usluga za mentalno zdravlje u zajednici, oja\u010dati bolni\u010dke kapacitete kroz dovoljan broj zdravstvenih djelatnika uz dostojanstvene uvjeta rada te pobolj\u0161anje uvjeta smje\u0161taja, kao i u ve\u0107oj mjeri po\u0161tovati autonomiju i dostojanstvo samih pacijenata, individualno planirati njihovo lije\u010denje utemeljeno na oporavku te unaprijediti informiranost o njihovim pravima.<\/p>\n<p>Detaljnu analizu i ocjenu stanja vezano za ovu temu mo\u017eete prona\u0107i u <a href=\"https:\/\/www.ombudsman.hr\/hr\/osobe-s-dusevnim-smetnjama-kojima-je-ogranicena-sloboda-kretanja-2024\/\">Izvje\u0161\u0107u pu\u010dke pravobraniteljice za 2024.<\/a><\/p>\n","protected":false},"excerpt":{"rendered":"<p>Hrvatski sabor 6. lipnja proglasio je Nacionalnim danom prava osoba s du\u0161evnim smetnjama, koji se obilje\u017eava od 2012. godine. Prilika je to za ukazati na mnoge probleme s kojima se susre\u0107u &#8211; \u010destim predrasudama i stigmatizacijom (primjerice, svaka peta osoba u istra\u017eivanju o diskriminaciji kojeg smo proveli rekla je da bi joj bilo neugodno raditi [&hellip;]<\/p>\n","protected":false},"author":9,"featured_media":3499,"comment_status":"closed","ping_status":"closed","sticky":false,"template":"","format":"standard","meta":{"footnotes":""},"categories":[2090],"tags":[433,472,1840,1288],"class_list":["post-21643","post","type-post","status-publish","format-standard","has-post-thumbnail","hentry","category-novosti","tag-nacionalni-preventivni-mehanizam-npm","tag-osobe-s-dusevnim-smetnjama","tag-psihijatrijske-ustanove","tag-zastita-i-promocija-ljudskih-prava"],"_links":{"self":[{"href":"https:\/\/www.ombudsman.hr\/hr\/wp-json\/wp\/v2\/posts\/21643","targetHints":{"allow":["GET"]}}],"collection":[{"href":"https:\/\/www.ombudsman.hr\/hr\/wp-json\/wp\/v2\/posts"}],"about":[{"href":"https:\/\/www.ombudsman.hr\/hr\/wp-json\/wp\/v2\/types\/post"}],"author":[{"embeddable":true,"href":"https:\/\/www.ombudsman.hr\/hr\/wp-json\/wp\/v2\/users\/9"}],"replies":[{"embeddable":true,"href":"https:\/\/www.ombudsman.hr\/hr\/wp-json\/wp\/v2\/comments?post=21643"}],"version-history":[{"count":0,"href":"https:\/\/www.ombudsman.hr\/hr\/wp-json\/wp\/v2\/posts\/21643\/revisions"}],"wp:featuredmedia":[{"embeddable":true,"href":"https:\/\/www.ombudsman.hr\/hr\/wp-json\/wp\/v2\/media\/3499"}],"wp:attachment":[{"href":"https:\/\/www.ombudsman.hr\/hr\/wp-json\/wp\/v2\/media?parent=21643"}],"wp:term":[{"taxonomy":"category","embeddable":true,"href":"https:\/\/www.ombudsman.hr\/hr\/wp-json\/wp\/v2\/categories?post=21643"},{"taxonomy":"post_tag","embeddable":true,"href":"https:\/\/www.ombudsman.hr\/hr\/wp-json\/wp\/v2\/tags?post=21643"}],"curies":[{"name":"wp","href":"https:\/\/api.w.org\/{rel}","templated":true}]}}