{"id":21578,"date":"2025-04-08T14:09:49","date_gmt":"2025-04-08T12:09:49","guid":{"rendered":"https:\/\/www.ombudsman.hr\/hr\/?p=20390"},"modified":"2025-05-19T12:07:48","modified_gmt":"2025-05-19T10:07:48","slug":"diskriminacija-temeljem-dobi-2024","status":"publish","type":"post","link":"https:\/\/www.ombudsman.hr\/hr\/diskriminacija-temeljem-dobi-2024\/","title":{"rendered":"Diskriminacija temeljem dobi"},"content":{"rendered":"<h4><em>* Napomena: \u010citate poglavlje iz <a href=\"https:\/\/www.ombudsman.hr\/hr\/interaktivno-izvjesce-za-2024\/\">Izvje\u0161\u0107a pu\u010dke pravobraniteljice za 2024. godinu<\/a>, koje smo predali Hrvatskom saboru u o\u017eujku 2025. Cijelo Izvje\u0161\u0107e mo\u017eete otvoriti u <a href=\"https:\/\/www.ombudsman.hr\/hr\/download\/izvje-e-pu-ke-pravobraniteljice-za-2024-godinu\/?wpdmdl=20339&#038;refresh=6810acc1b4c8b1745923265\">PDF formatu<\/a> ili u <a href=\"https:\/\/www.ombudsman.hr\/hr\/interaktivno-izvjesce-za-2024\/\">interaktivnoj verziji<\/a>.<\/em><\/h4>\n<h4><em>Vi\u0161e o problemima vezanima uz starije osobe prona\u0111ite i u drugim poglavljima Izvje\u0161\u0107a, na dnu ove stranice.<\/em><\/h4>\n<hr \/>\n<p>Negativni stereotipi o starijim osobama predstavljaju ageisam koji, osim do diskriminacije, mo\u017ee dovesti i do nasilja, zlostavljanja, zanemarivanja ili njihova ignoriranja. Usko povezan sa diskriminacijom, ageisam je prisutan u gotovo svim segmentima dru\u0161tvenog \u017eivota. Stari se vide kao slabi, nesposobni, ranjivi, teret, a ne prepoznaje se njihov doprinos dru\u0161tvu.<\/p>\n<p>No dobna je diskriminacija nerijetko isprepletena i s drugim karakteristikama starijih osoba, primjerice spolom, rasom ili etnicitetom, imovnim stanjem, razinom obrazovanja, zdravstvenim stanjem ili invaliditetom, \u0161to nerijetko dovodi i do vi\u0161estruke odnosno intersekcijske diskriminacije.<\/p>\n<p>Pozitivno je da Deklaracija Hrvatskog sabora o pravima umirovljenika i osoba starije \u017eivotne dobi prepoznaje da stariji imaju pravo na dostojanstvo, po\u0161tivanje ljudskih prava i za\u0161titu od svakog oblika zlostavljanja, zanemarivanja i diskriminacije. Deklaracija prepoznaje va\u017enost primjerene zdravstvene skrbi, potrebu uskla\u0111ivanja sudjelovanja u tro\u0161kovima zdravstvene za\u0161tite i cijene lijekova s materijalnim mogu\u0107nostima starijih osoba, va\u017enost zajedni\u010dkog djelovanja zdravstvenog i sustava socijalne skrbi, potrebu ja\u010danja sustava palijativne skrbi, ubla\u017eavanja posljedica siroma\u0161tva, razvijanja sustava institucionalne i izvaninstitucionalne skrbi o starijim osobama, ja\u010danja sustava mirovinskog osiguranja, obrazovanja i rada starijih osoba.<\/p>\n<p>Akcijski plan za suzbijanje diskriminacije, koji uklju\u010duje i mjere usmjerene na dob, nije donesen 2024. godine. Na lokalnoj i regionalnoj razini JLP(R)S-i, primjerice gradovi Po\u017eega i Vrbovec, provode razli\u010dite mjere usmjerene na starije, poput besplatnog gradskog ili prijevoza na lije\u010denje u druge gradove. Vara\u017edinska \u017eupanija zapo\u010dela je s radom na izradi strategije pod nazivom \u201eVara\u017edinska \u017eupanija \u2013 prijatelj zlatne dobi\u201c, koja je usmjerena na pobolj\u0161anje statusa umirovljenika i njihovo aktivno uklju\u010divanje u dru\u0161tvo. U nekim \u017eupanijama su uspostavljenja savjetodavna tijela \u017eupanijskih skup\u0161tina za zagovaranje prava starijih osoba, primjerice u Istarskoj, Primorsko-goranskoj i Koprivni\u010dko-kri\u017eeva\u010dkoj \u017eupaniji, kao i Povjerenstvo za umirovljenike i osobe starije \u017eivotne dobi u Gradu Vara\u017edinu. Navedena tijela razmatraju pitanja od zna\u010daja za \u017eivot starijih osoba na podru\u010dju \u017eupanije odnosno grada.<\/p>\n<p>Smje\u0161taj starijih osoba u ustanovama dugotrajne institucionalne skrbi i dalje je veliki problem te dostupni kapaciteti ne zadovoljavaju potrebe. Sustav je optere\u0107en dugim i netransparentnim listama \u010dekanja koje ponegdje iznose i preko 10 godina.<\/p>\n<p>Velika su o\u010dekivanja od izgradnje 18 centara za starije osobe s kojim se zapo\u010delo u 2024. godini, koji bi trebali pobolj\u0161ati i broj i vrstu dostupnih izvaninstitucionalnih usluga za starije. No, zabrinjava manjak radne snage u domovima. Poseban problem je skrb o osobama s demencijom kojima je potrebna usluga IV. stupnja njege. Uz nedostatne kapacitete, rje\u0161avanje problema ote\u017eava i ubrzana inflacija i cijena smje\u0161taja na takvim odjelima koja nerijetko prelazi i 1.000 eura.<\/p>\n<blockquote><p><span style=\"font-size: 14px; color: #990000;\">\u201eApelirala bih na Vas koji mo\u017eete poduzeti odre\u0111ene korake da bi se djeci olak\u0161ala briga i skrb za bolesne i nemo\u0107ne\u00a0 roditelje. Bolovanje radno sposobna osoba mo\u017ee uzeti za \u010dlanove u\u017ee obitelji; zakon ubraja djecu i supru\u017enika (bra\u010dnog, izvanbra\u010dnog, \u017eivotnog partnera ili neformalnog \u017eivotnog partnera), ali ne i roditelje. S obzirom na takvu zakonsku definiciju, osoba ne mo\u017ee ostvariti pravo na bolovanje radi njege bolesnog roditelja. Zakon je donijet; du\u017enost djece je da prvenstveno moralno , a zatim zakonski brinu o svojim bolesnim i nemo\u0107nim roditeljima. Kako ? Kako \u0107e brinuti ako ne mogu otvoriti bolovanje da pru\u017ee adekvatnu njegu . Dakle za supru\u017enika bra\u010dnog, izvanbra\u010dnog , neformalnog DA\u2026 ali za majku\/oca koji su cijeli svoj \u017eivot brinuli i voljeli svoje dijete bezuvjetno to isto dijete ne mo\u017ee uzeti bolovanje kada je majka\/otac na kraju svog \u017eivota bolestan i \u010desto nepokretan?\u201c<\/span><\/p><\/blockquote>\n<p>S druge strane, godinama ukazujemo da zbog nedostatka odgovaraju\u0107ih mjera za pomirenje obiteljskog i profesionalnog \u017eivota koje bi bile usmjerene na obitelji, posebno \u017eene, koje, u skladu s ustavnom obvezom, brinu o starijim i te\u0161ko bolesnim, o tu\u0111oj njezi ovisnim \u010dlanovima obitelji. Zbog svojih poslovnih obveza one i dalje nemaju mogu\u0107nost osigurati im takvu skrb, na \u0161to ukazuje i Povjerenstvo za za\u0161titu prava pacijenata Osje\u010dko-baranjske \u017eupanije koje se obratilo MZ-u jer u \u010dl. 39. t. 5. ZOZO-a kao \u010dlanovi u\u017ee obitelji koji imaju pravo na skrb od strane \u010dlanova obitelji nisu navedeni roditelji o kojima bi brinula njihova djeca.<\/p>\n<table style=\"background-color: #a73439; width: 100%;\" width=\"100%\">\n<tbody>\n<tr>\n<td><span style=\"color: #ffffff;\"><strong>Preporuka 49.<\/strong><\/span><\/p>\n<p><span style=\"color: #ffffff;\"><strong>Ministarstvu zdravstva, da kroz izmjene Zakona o obveznom zdravstvenom osiguranju osobama koje su u radnom odnosu osigura mogu\u0107nost pru\u017eanja skrbi starim i nemo\u0107nim roditeljima i drugim bliskim \u010dlanovima obitelji<\/strong><\/span><\/td>\n<\/tr>\n<\/tbody>\n<\/table>\n<p>U odnosu na preporuku da razmotre na\u010dine kako bi se osobama koje su u radnom odnosu omogu\u0107ilo da brinu o starim i nemo\u0107nim \u010dlanovima obitelji, MZ navodi da je to u djelokrugu Zakona o radu, dok MRMSOSP navodi da je uvo\u0111enjem nepla\u0107enog dopusta od 5 dana ZoR uskla\u0111en s minimalnim standardima EU te da nisu zapazili interes za kori\u0161tenjem ovog instituta. No s obzirom da gra\u0111ani i dalje nemaju mogu\u0107nost\u00a0 bolovanja za njegu bolesnih roditelja, ponovo predla\u017eemo da se kroz izmjene Zakona o obveznom zdravstvenom osiguranju osobama koje su u radnom odnosu osigura mogu\u0107nost pru\u017eanja skrbi starim i nemo\u0107nim roditeljima i drugim bliskim \u010dlanovima obitelji.<\/p>\n<p>Prema podacima OCD-a, smanjen je broj zainteresiranih za pru\u017eanje usluga starim i nemo\u0107nim osobama izvan institucija. Prema navodima Caritasa za navedeno se ispla\u0107uje minimalna pla\u0107a i ne priznaju se tro\u0161kovi prijevoza, tako da \u010dak i kada su osigurana financijska sredstva za pru\u017eanje navedene usluge, ne mo\u017ee se na\u0107i dovoljno pru\u017eatelja usluga pomo\u0107i u ku\u0107i.<\/p>\n<blockquote><p><span style=\"font-size: 14px; color: #990000;\">\u201eMoja majka bila je u dva navrata lije\u010dena na odjelu hitne medicine u, a prilikom drugog lije\u010denja preminula je u bolnici\u00a0 6 sati nakon prijema. Smrtni ishod uslijedio je nakon nelije\u010denja glavne tegobe &#8211; ote\u017eanog disanja i nelije\u010denja zatajenja bubrega. Umjesto hitnog lije\u010denja tih opasnih i smrtonosnih bolesti, lije\u010dnica se prihvatila lije\u010denja tada manje bitne dehidracije koju je vjerojatno pogre\u0161no sama dijagnosticirala. Treba navesti i da je specijalizacija te lije\u010dnice (gastroenterolog) bila pogre\u0161na, pacijenticu su tada trebali lije\u010diti prije svega pulmolog, nefrolog i kardiolog. Pacijentica je preminula od posljedica bolesti koje tada na hitnom odjelu uop\u0107e nisu ni poku\u0161ali lije\u010diti.\u201c<\/span><\/p><\/blockquote>\n<p>Tijekom 2024. godine smo postupali po pritu\u017ebama zbog dobne diskriminacije starijih pacijenata u kojima se navodi da su bili neadekvatno lije\u010deni, da su im pogre\u0161no postavljene dijagnoze te da im je uskra\u0107ena zdravstvena za\u0161tita zbog njihove dobi, o \u010demu vi\u0161e pi\u0161emo u poglavlju o pravu na zdravlje. Neki su pritu\u017eitelji navodili da su njihovi roditelji preminuli jer im u bolnici nije bila pru\u017eena odgovaraju\u0107a zdravstvena skrb zato \u0161to su stari. Prema navodima, u bolnici im nije utvr\u0111ena prava dijagnoza, izostala je reakcija na akutno pogor\u0161anje zdravstvenog stanja te im nije osigurano adekvatno lije\u010denje, \u0161to je u pojedinim slu\u010dajevima dovelo do smrtnog ishoda. Ispitni postupci su jo\u0161 u tijeku.<\/p>\n<blockquote><p><span style=\"font-size: 14px; color: #990000;\">\u201enajbolja prijateljica moje pokojne majke od mog ro\u0111enja i susjeda koja \u0107e uskoro napuniti 82 godine, onkolo\u0161ka bolesnica a koju je prije desetak godina uspje\u0161no operirao upravo na\u0161 ministar zdravlja, nalazi se u vrlo delikatnoj situaciji koju nije sama skrivila, dapa\u010de, vrlo je skrbna i po pitanju svog zdravlja i po pitanju toga da nikome ne bude na teret. Udovica je i izgubila je sina zbog bolesti prije 15 godina, a nakon operacije i jedno oko te 80% vida na drugo. Kad je bio zakonski rok upisala se u dva doma za starije (na \u2026 upisana je 14 godina, u domu za starije \u2026 13 godina). Napominjem kako \u017eivi u stanu do kojeg vode \u010dak 132 (stotridesetidvije) stepenice, bez lifta. Prekju\u010der u subotu, su je, naime, pri kupnji namirnica, udarila pomi\u010dna vrata u Konzumu te odbacila svom silinom, te je pala i slomila kralje\u017eak i sada je na intenzivnoj u \u2026 U subotu je primljena i od prijema je prakti\u010dki otpu\u0161taju. Vikend je, ljudi su na godi\u0161njem i zamolila sam u ponedjeljak doktora da joj da barem dva dana da ostane, jer je u nesnosnim bolovima, ne mo\u017ee na wc, ne mo\u017ee jesti iz tanjura. Ovaj bi apel u najmanju ruku bio bezrazlo\u017ean da se gospo\u0111a doista i na vrijeme nije pobrinula da starost dostojanstveno provede u \u010detiri zida sama\u010dke sobice doma nikom na teret, a koji ne bi kilometrima bio udaljen od njena rodna doma na \u2026 i do ove te\u0161ke situacije ne bi ni do\u0161lo da je na vrijeme dobila ono za \u0161to se na vrijeme pobrinula. Gospo\u0111a je i svojim radom, po\u0161tenjem i ljudsko\u0161\u0107u tako\u0111er hranila svoju dr\u017eavu Hrvatsku te ne zaslu\u017euje da u najmanju ruku bude izba\u010dena kao da dr\u017eava ne postoji.<\/span><\/p>\n<p><span style=\"font-size: 14px; color: #990000;\">p.s. gospo\u0111a je danas hitro transportirana pred ulazna vrata svoje zgrade bez obzira \u0161to je lije\u010dnik ju\u010der rekao da \u0107e ostati jo\u0161 tri do \u010detiri dana. Danas je novi lije\u010dnik, izuzetno ru\u017eno rekao kako \u2026 nije ubo\u017enica, te sad ja kao invalid poma\u017eem gospo\u0111i. Tako\u0111er, bila sam i kod njene doktorice op\u0107e prakse koja je u \u010dudu kako su je poslali tako brzo doma, prepisala joj je pelene i terapiju a patrona\u017ea je diskutabilna jer su godi\u0161nji\u201c<\/span><\/p><\/blockquote>\n<p>Pritu\u017eba ukazuje na nedovoljnu povezanost sustava zdravstva i sustava socijalne skrbi. Trebalo je na\u0107i rje\u0161enje za stariju pacijenticu tko \u0107e se i gdje o njoj brinuti, ali unato\u010d zamolbi da ostane jo\u0161 nekoliko dana u bolnici dok se to ne rije\u0161i, to je odbijeno uz neprimjereni komentar da bolnica nije ubo\u017enica. Nakon otpu\u0161tanja iz bolnice, podr\u0161ka i smje\u0161taj su joj osigurani tek nakon \u0161to je slu\u010daj zavr\u0161io u medijima. Ovo nije usamljeni slu\u010daj, jer bolnice u o\u010ditovanjima navode da je zbrinjavanje starih, te\u0161ko bolesnih pacijenata koji se po otpustu iz bolnice ne mogu brinuti o sebi znatno ote\u017eano, zbog \u010dega nerijetko ostaju u bolnici iako je lije\u010denje zavr\u0161eno.<\/p>\n<p>Siroma\u0161tvo je i dalje velik problem koji mo\u017ee dovesti do diskriminacije starijih osoba i umirovljenika u RH te je uzrok brojnim drugim te\u0161ko\u0107ama s kojima se oni susre\u0107u. Prepoznav\u0161i problem, brojne JLS-i u svojim prora\u010dunima osiguravaju sredstva za isplatu bo\u017ei\u0107nica i uskrsnica umirovljenicima sa najni\u017eim mirovinama, no ove isplate kao ni isplate jednokratnih nov\u010danih pomo\u0107i temeljem odluka Vlade RH ne mogu rije\u0161iti problem siroma\u0161tva velikog broja umirovljenika. Starije osobe slabog imovnog stanja susre\u0107u se s nizom problema u ostvarivanju svojih prava. Hrvatski Caritas navodi da su te\u0161ko pokretne, bolesne starije osobe koje \u017eive izvan ve\u0107ih gradskih sredi\u0161ta ovisne o podjeli paketa hrane, higijenskih potrep\u0161tina ili lijekova na ku\u0107ni prag, za koju uslugu OCD-i, uklju\u010duju\u0107i i Caritas, \u010desto nemaju financijska sredstava pa dio starijih unato\u010d potrebi ostaje nezbrinut.<\/p>\n<blockquote><p><span style=\"font-size: 14px; color: #990000;\">\u201eobra\u0107am Vam se s jednim na\u010delinim pitanjem za sve starije ili nemo\u0107ne osobe koje same nisu u mogu\u0107nosti dolaska u banku. Naime, na ime moje majke stiglo je cirkularno pismo &#8211; poziv da osobno do\u0111e u banku u svezi\u00a0 davanja osobnih podataka jer je to prema Zakonu o spre\u010davanju pranja novca du\u017ena dostaviti banci. Ona kao stara (93 godine) i polupokretna osoba sama (dok je jo\u0161 bila pokretna) u banci meni dala punomo\u0107 po njenom ra\u010dunu. Ona na svoj ra\u010dun prima mirovinu, a ona kao niti itko drugi u Hrvatskoj nije u mogu\u0107nosti primati svoju mirovinu na bilo koji drugi na\u010din osim preko ra\u010duna- &#8211; dakle ona ne mo\u017ee birati da ne bude klijent neke od banaka!<\/span><\/p>\n<p><span style=\"font-size: 14px; color: #990000;\">Stoga kako prima mirovinu u banci podlije\u017ee zakonima i uvjetima banke na koje ne mo\u017ee utjecati.<\/span><\/p>\n<p><span style=\"font-size: 14px; color: #990000;\">Kao svjesna i odgovorna osoba &#8211; dok je bila u mogu\u0107nosti dala je meni i bratu punomo\u0107 da mo\u017eemo upravljati njenom mirovinom i ra\u010dunom u banci. Stoga postavljam pitanje za\u0161to se ne obave\u017ee banka da onim klijentima\/osobama koje su dale punomo\u0107 po vlastitim ra\u010dunima\u00a0 tra\u017ee od tih opunomo\u0107enika da dostave identifikacijske dokumente i podatke i obave\u017eu ih o davanju to\u010dnih podataka pod krivi\u010dnom i materijalnom odgovorno\u0161\u0107u, ve\u0107 to zahtjevaju isklju\u010divo od samih vlasnika ra\u010duna.\u201c<\/span><\/p><\/blockquote>\n<p>Postupali smo po nekoliko pritu\u017eba u kojima se ukazivalo da banke pozivaju i starije gra\u0111ane da osobno do\u0111u u poslovnicu radi a\u017euriranja podataka vezano uz Zakona o sprje\u010davanju pranja novca i financiranja terorizma. Ovisno o procijenjenoj razini rizika od pranja novca i financiranja terorizma (visoki, srednji i niski) ovise i mjere dubinske analize stranke, koje se odre\u0111uju internim politikama banke. Stoga smo upozorili da se u poslovnom odnosu banke s klijentom koji je, kao \u0161to je to slu\u010daj s\u00a0 umirovljenicima, kategoriziran niskim rizikom, opseg, vrijeme provedbe i vrsta odre\u0111enih i svih mjera dubinske analize stranke mo\u017ee prilagoditi. Iako, u skladu s navedenim, postoji mogu\u0107nost da se umirovljenicima upitnik dostavi na ku\u0107nu adresu, pritu\u017eiteljica je takvu informaciju od svoje banke dobila tek nakon \u0161to se za pomo\u0107 obratila nama. Vezano uz isti problem, pozdravljamo inicijativu jedne banke koja je podmirila tro\u0161ak izlaska javnog bilje\u017enika i ovjere njegovog potpisa na specijalnoj punomo\u0107i kojom ovla\u0161\u0107uje opunomo\u0107enika za sklapanje ugovora s bankom, \u010dime je problem rije\u0161en.<\/p>\n<p>Nedostupnost i neadekvatnost informacija o pravima i uslugama u razli\u010ditim sustavima jo\u0161 je jedna prepreka koja mo\u017ee imati u\u010dinak na ostvarivanje prava osoba starije \u017eivotne dobi, na \u0161to godinama ukazujemo. Starije osobe \u010desto ne znaju na koje oblike pomo\u0107i, podr\u0161ke i njege imaju pravo. Razli\u010dite vrste pomo\u0107i disperzirane su izme\u0111u razli\u010ditih resora, a nedostupnost cjelovite i transparentne informacije \u010dini ih nedostupnim korisnicima. Informiranje korisnika o dostupnim uslugama trebalo bi biti prilago\u0111eno njihovim senzornim kapacitetima, navikama i potrebama. Kao dobar primjer isti\u010demo besplatni telefon za starije osobe u Vinkovcima na kojem stru\u010dnjaci Centra za pru\u017eanje usluga u zajednici pru\u017eaju usluge savjetovanja, podr\u0161ke i informiranja te zastupanja interesa i potreba starijih osoba.<\/p>\n<p>S obzirom na digitalizaciju javne uprave, nedostatak digitalnih vje\u0161tina kod starijih osoba mo\u017ee\u00a0 djelovati isklju\u010duju\u0107e u pogledu pristupa informacijama i uslugama u digitalnom svijetu. Stoga je paralelno s digitalizacijom potrebno ulagati dodatne napore u digitalno opismenjavanje starijih osoba, \u0161to primjerice \u010dini Slavonski Brod u \u010dijoj se Gradskoj knji\u017enici organiziraju radionice informati\u010dkog opismenjavanja. Potrebno je i osigurati digitalnu infrastrukturu na mjestima gdje se okupljaju starije osobe, uklju\u010duju\u0107i i domove za stare i nemo\u0107ne, dru\u0161tva umirovljenika, knji\u017enice i sli\u010dna javna mjesta. Pri tome je va\u017eno voditi ra\u010duna da se takva infrastruktura, uklju\u010duju\u0107i i sam pristup Internetu, osigura i u udaljenim, ruralnim krajevima RH.<\/p>\n<hr \/>\n<h4><em>Povezane teme u <a href=\"https:\/\/www.ombudsman.hr\/hr\/interaktivno-izvjesce-za-2024\/\">Izvje\u0161\u0107u pu\u010dke pravobraniteljice za 2024. godinu<\/a>:<\/em><\/h4>\n<h4><a href=\"https:\/\/www.ombudsman.hr\/hr\/prava-starijih-osoba-2024\/\">Prava starijih osoba, Domovi za starije: obavljanje poslova NPM-a, Pravo na dobro upravljanje<\/a>, <a href=\"https:\/\/www.ombudsman.hr\/hr\/izbori-u-2024-godini\/\">Izbori u 2024. godini<\/a>, <a href=\"https:\/\/www.ombudsman.hr\/hr\/utjecaj-potresa-na-ostvarivanje-ljudskih-prava-2024\/\">Utjecaj potresa na ostvarivanje ljudskih prava<\/a>, <a href=\"https:\/\/www.ombudsman.hr\/hr\/pravo-na-zdravlje-2024\/\">Pravo na zdravlje<\/a>, <a href=\"https:\/\/www.ombudsman.hr\/hr\/socijalna-skrb-siromastvo-i-ljudska-prava-2024\/\"> Socijalna skrb: Siroma\u0161tvo i ljudska prava<\/a>, <a href=\"https:\/\/www.ombudsman.hr\/hr\/pravo-na-adekvatno-stanovanje-2024\/\">Pravo na adekvatno stanovanje<\/a> i\u00a0<a href=\"https:\/\/www.ombudsman.hr\/hr\/umjetna-inteligencija-2024\/\">Umjetna inteligencija<\/a><a href=\"https:\/\/www.ombudsman.hr\/hr\/pravosudje-2024\/\">.<\/a><\/h4>\n<h4><em>Cijelo Izvje\u0161\u0107e pu\u010dke pravobraniteljice za 2024. godinu\u00a0mo\u017eete otvoriti u <a href=\"https:\/\/www.ombudsman.hr\/hr\/download\/izvje-e-pu-ke-pravobraniteljice-za-2024-godinu\/?wpdmdl=20339&#038;refresh=6810acc1b4c8b1745923265\">PDF formatu<\/a> ili u <a href=\"https:\/\/www.ombudsman.hr\/hr\/interaktivno-izvjesce-za-2024\/\">interaktivnoj verziji<\/a>.<\/em><\/h4>\n","protected":false},"excerpt":{"rendered":"<p>* Napomena: \u010citate poglavlje iz Izvje\u0161\u0107a pu\u010dke pravobraniteljice za 2024. godinu, koje smo predali Hrvatskom saboru u o\u017eujku 2025. Cijelo Izvje\u0161\u0107e mo\u017eete otvoriti u PDF formatu ili u interaktivnoj verziji. Vi\u0161e o problemima vezanima uz starije osobe prona\u0111ite i u drugim poglavljima Izvje\u0161\u0107a, na dnu ove stranice. Negativni stereotipi o starijim osobama predstavljaju ageisam koji, [&hellip;]<\/p>\n","protected":false},"author":9,"featured_media":21151,"comment_status":"closed","ping_status":"closed","sticky":false,"template":"","format":"standard","meta":{"footnotes":""},"categories":[2127],"tags":[629,2107,2106],"class_list":["post-21578","post","type-post","status-publish","format-standard","has-post-thumbnail","hentry","category-izvjesce-2024","tag-suzbijanje-diskriminacije","tag-javno-okupljanje","tag-podrska-zrtvama-i-svjedocima"],"_links":{"self":[{"href":"https:\/\/www.ombudsman.hr\/hr\/wp-json\/wp\/v2\/posts\/21578","targetHints":{"allow":["GET"]}}],"collection":[{"href":"https:\/\/www.ombudsman.hr\/hr\/wp-json\/wp\/v2\/posts"}],"about":[{"href":"https:\/\/www.ombudsman.hr\/hr\/wp-json\/wp\/v2\/types\/post"}],"author":[{"embeddable":true,"href":"https:\/\/www.ombudsman.hr\/hr\/wp-json\/wp\/v2\/users\/9"}],"replies":[{"embeddable":true,"href":"https:\/\/www.ombudsman.hr\/hr\/wp-json\/wp\/v2\/comments?post=21578"}],"version-history":[{"count":0,"href":"https:\/\/www.ombudsman.hr\/hr\/wp-json\/wp\/v2\/posts\/21578\/revisions"}],"wp:featuredmedia":[{"embeddable":true,"href":"https:\/\/www.ombudsman.hr\/hr\/wp-json\/wp\/v2\/media\/21151"}],"wp:attachment":[{"href":"https:\/\/www.ombudsman.hr\/hr\/wp-json\/wp\/v2\/media?parent=21578"}],"wp:term":[{"taxonomy":"category","embeddable":true,"href":"https:\/\/www.ombudsman.hr\/hr\/wp-json\/wp\/v2\/categories?post=21578"},{"taxonomy":"post_tag","embeddable":true,"href":"https:\/\/www.ombudsman.hr\/hr\/wp-json\/wp\/v2\/tags?post=21578"}],"curies":[{"name":"wp","href":"https:\/\/api.w.org\/{rel}","templated":true}]}}