{"id":21556,"date":"2025-02-28T18:39:06","date_gmt":"2025-02-28T16:39:06","guid":{"rendered":"https:\/\/www.ombudsman.hr\/hr\/?p=20277"},"modified":"2026-02-26T17:45:09","modified_gmt":"2026-02-26T15:45:09","slug":"svjetski-dan-nulte-tolerancije-na-diskriminaciju-2","status":"publish","type":"post","link":"https:\/\/www.ombudsman.hr\/hr\/svjetski-dan-nulte-tolerancije-na-diskriminaciju-2\/","title":{"rendered":"Dan nulte tolerancije na diskriminaciju"},"content":{"rendered":"<p>Biti slobodan od diskriminacije zna\u010di biti punopravan \u010dlan ili \u010dlanica dru\u0161tva, bez straha od toga da \u0107e predrasude i stereotipi drugih ljudi (ili sustava) izgraditi zid izme\u0111u vas i \u017eivota koji se trudite ostvariti.<\/p>\n<p>Jednakost je u Hrvatskoj zajam\u010dena Ustavom, europskim i me\u0111unarodnim pravom, koje je dio hrvatskog zakonodavstva i kroz vi\u0161e zakona, prvenstveno Zakonom o suzbijanju diskriminacije, koji je krovni zakon za suzbijanje diskriminacije u RH.<\/p>\n<p>Ali jednakosti je i dalje \u010desto neostvariva &#8211; svaka \u010detvrta osoba u Hrvatskoj navodi da je do\u017eivjela diskriminaciju barem jednom u pet godina, a velika ve\u0107ina gra\u0111ana upravo diskriminaciju uvr\u0161tava me\u0111u zna\u010dajne dru\u0161tvene probleme. Pokazalo je to <a href=\"https:\/\/www.ombudsman.hr\/hr\/download\/istrazivanje-o-stavovima-i-razini-svijesti-o-diskriminaciji-i-pojavnim-oblicima-diskriminacije-2022\/?wpdmdl=15351&#038;refresh=63e0c6603768c1675675232\">istra\u017eivanje pu\u010dke pravobraniteljice<\/a> i potvrdilo da jo\u0161 uvijek treba intenzivno raditi na suzbijanju diskriminacije.<\/p>\n<p>Prilika za podizanje svijesti o ovom problemu je i Dan nulte tolerancije na diskriminaciju, koji se obilje\u017eava 1. o\u017eujka svake godine.<\/p>\n<p>Kako bismo i na ovaj na\u010din pomogli informiranju o tome \u0161to je diskriminacija, kako je prepoznati i prijaviti, podsje\u0107amo na <a href=\"https:\/\/www.ombudsman.hr\/wp-content\/uploads\/2025\/02\/Vodic-za-prepoznavanje-diskriminacije-2025.pdf\">Vodi\u010d za prepoznavanje diskriminacije<\/a> koji daje odgovore na najva\u017enija pitanja.<\/p>\n<p>Vodi\u010d <a href=\"https:\/\/www.ombudsman.hr\/wp-content\/uploads\/2025\/02\/Vodic-za-prepoznavanje-diskriminacije-2025.pdf\">preuzmite ovdje<\/a> i podijelite s osobama kojima bi mogao biti koristan.<\/p>\n<p>&nbsp;<\/p>\n<h3><strong>Za\u0161to je va\u017eno znati prepoznati diskriminaciju<\/strong><\/h3>\n<p>U javnosti se \u010desto kao \u201ediskriminacija\u201c opisuju razli\u010diti primjeri nepravde, \u0161to nije to\u010dno. Odnosno, svaka diskriminacija jest nepravda, ali nije svaka nepravda ujedno i diskriminacija u pravnom smislu.<\/p>\n<p>Razlika nije tek formalnost, ve\u0107 govori osobi \u0161to mo\u017ee napraviti da bi se za\u0161titila. Tako Zakon o suzbijanju diskriminacije propisuje oblike za\u0161tite, poput pritu\u017ebe pu\u010dkoj pravobraniteljici, posebne tu\u017ebe za za\u0161titu od diskriminacije, teret dokazivanja u gra\u0111anskim postupcima prebacuje na tu\u017eene osobe i brani \u017ertvu od daljnje viktimizacije.<\/p>\n<p>Stoga je va\u017eno znati \u0161to se sve smatra diskriminacijom prema <a href=\"https:\/\/www.ombudsman.hr\/wp-content\/uploads\/2020\/05\/Zakon-o-suzbijanju-diskriminacije-NN-8508-11212-.pdf\">Zakonu o suzbijanju diskriminacije<\/a>.<\/p>\n<p>Najjednostavnije re\u010deno, diskriminacija je <strong>nepovoljno postupanje <\/strong>prema osobi <strong>zbog jedne ili vi\u0161e<\/strong> njezinih karakteristika (<strong>osnova<\/strong>).<\/p>\n<p>Diskriminacijske osnove u Zakonu o suzbijanju diskriminacije su: <strong>rasa<\/strong> ili <strong>etni\u010dka pripadnost<\/strong> ili <strong>boja ko\u017ee<\/strong>; <strong>spol<\/strong>; <strong>jezik<\/strong>; <strong>dob<\/strong>; <strong>politi\u010dko<\/strong> ili <strong>drugo uvjerenje<\/strong>; <strong>imovno stanje<\/strong>; <strong>obrazovanje<\/strong>; <strong>nacionalno<\/strong> ili <strong>socijalno podrijetlo; \u010dlanstvo u sindikatu<\/strong>; <strong>invaliditet<\/strong>; <strong>dru\u0161tveni polo\u017eaj<\/strong>; <strong>bra\u010dni<\/strong> ili <strong>obiteljski status<\/strong>; <strong>zdravstveno stanje<\/strong>; <strong>genetsko naslje\u0111e<\/strong>; <strong>vjera<\/strong>; <strong>rodni identitet<\/strong> i <strong>izra\u017eavanje<\/strong>; te <strong>spolna orijentacija. <\/strong><\/p>\n<p>Jedan od najlak\u0161e uo\u010dljivih oblika diskriminacije je postupanje kojim se osoba stavlja <strong>u nepovoljniji polo\u017eaj<\/strong> od druge osobe <strong>u usporedivoj situaciji<\/strong>, temeljem <strong>jedne ili vi\u0161e diskriminacijskih osnova<\/strong> navedenih u Zakonu (<strong>izravna diskriminacija<\/strong>).<\/p>\n<p>Primjeri bi bili nezapo\u0161ljavanje Roma zbog njegove etni\u010dke pripadnosti, ili davanje otkaza radnici zbog njenog u\u010dlanjenja u sindikat ili odre\u0111enu politi\u010dku stranku. No, kada, primjerice, stanodavac tra\u017ei isklju\u010divo podstanare bez ku\u0107nih ljubimaca, ne radi se o diskriminaciji. .<\/p>\n<p>Diskriminacija je i:<\/p>\n<ul>\n<li>kada neka naizgled neutralna odredba, kriterij ili praksa stavlja osobe u nepovoljniji polo\u017eaj zbog neke od diskriminacijskih osnova, osim ako se to mo\u017ee opravdati sukladno zakonu (<strong>neizravna diskriminacija<\/strong>);<\/li>\n<li><strong>uznemiravanje<\/strong>, odnosno ne\u017eeljeno pona\u0161anje koje je povreda dostojanstva osobe i uzrokuje strah, neprijateljsko, poni\u017eavaju\u0107e ili uvredljivo okru\u017eenje temeljem neke od diskriminacijskih osnova;<\/li>\n<li><strong>spolno uznemiravanje<\/strong>, odnosno verbalno, neverbalno ili tjelesno ne\u017eeljeno pona\u0161anje spolne naravi;<\/li>\n<li><strong>poticanje na diskriminaciju<\/strong>;<\/li>\n<li><strong>propu\u0161tanje razumne prilagodbe<\/strong> za osobe s invaliditetom;<\/li>\n<li><strong>segregacija<\/strong>, odnosno prisilno i sustavno razdvajanje po nekoj od diskriminacijskih osnova.<\/li>\n<\/ul>\n<p>Vi\u0161e o diskriminaciji doznajte u <a href=\"https:\/\/www.ombudsman.hr\/hr\/download\/vodic-za-prepoznavanje-diskriminacije\/?wpdmdl=13248&#038;refresh=69a06a68e540b1772120680\">Vodi\u010du za prepoznavanje diskriminacije<\/a> i u <a href=\"https:\/\/www.ombudsman.hr\/hr\/izvjesca-puckog-pravobranitelja\/\">izvje\u0161\u0107ima pu\u010dke pravobraniteljice Hrvatskom saboru<\/a>.<\/p>\n","protected":false},"excerpt":{"rendered":"<p>Biti slobodan od diskriminacije zna\u010di biti punopravan \u010dlan ili \u010dlanica dru\u0161tva, bez straha od toga da \u0107e predrasude i stereotipi drugih ljudi (ili sustava) izgraditi zid izme\u0111u vas i \u017eivota koji se trudite ostvariti. Jednakost je u Hrvatskoj zajam\u010dena Ustavom, europskim i me\u0111unarodnim pravom, koje je dio hrvatskog zakonodavstva i kroz vi\u0161e zakona, prvenstveno Zakonom [&hellip;]<\/p>\n","protected":false},"author":9,"featured_media":21141,"comment_status":"closed","ping_status":"closed","sticky":false,"template":"","format":"standard","meta":{"footnotes":""},"categories":[2090],"tags":[629,2079],"class_list":["post-21556","post","type-post","status-publish","format-standard","has-post-thumbnail","hentry","category-novosti","tag-suzbijanje-diskriminacije","tag-korisne-informacije"],"_links":{"self":[{"href":"https:\/\/www.ombudsman.hr\/hr\/wp-json\/wp\/v2\/posts\/21556","targetHints":{"allow":["GET"]}}],"collection":[{"href":"https:\/\/www.ombudsman.hr\/hr\/wp-json\/wp\/v2\/posts"}],"about":[{"href":"https:\/\/www.ombudsman.hr\/hr\/wp-json\/wp\/v2\/types\/post"}],"author":[{"embeddable":true,"href":"https:\/\/www.ombudsman.hr\/hr\/wp-json\/wp\/v2\/users\/9"}],"replies":[{"embeddable":true,"href":"https:\/\/www.ombudsman.hr\/hr\/wp-json\/wp\/v2\/comments?post=21556"}],"version-history":[{"count":3,"href":"https:\/\/www.ombudsman.hr\/hr\/wp-json\/wp\/v2\/posts\/21556\/revisions"}],"predecessor-version":[{"id":22983,"href":"https:\/\/www.ombudsman.hr\/hr\/wp-json\/wp\/v2\/posts\/21556\/revisions\/22983"}],"wp:featuredmedia":[{"embeddable":true,"href":"https:\/\/www.ombudsman.hr\/hr\/wp-json\/wp\/v2\/media\/21141"}],"wp:attachment":[{"href":"https:\/\/www.ombudsman.hr\/hr\/wp-json\/wp\/v2\/media?parent=21556"}],"wp:term":[{"taxonomy":"category","embeddable":true,"href":"https:\/\/www.ombudsman.hr\/hr\/wp-json\/wp\/v2\/categories?post=21556"},{"taxonomy":"post_tag","embeddable":true,"href":"https:\/\/www.ombudsman.hr\/hr\/wp-json\/wp\/v2\/tags?post=21556"}],"curies":[{"name":"wp","href":"https:\/\/api.w.org\/{rel}","templated":true}]}}