{"id":21483,"date":"2024-11-08T17:53:17","date_gmt":"2024-11-08T15:53:17","guid":{"rendered":"https:\/\/www.ombudsman.hr\/hr\/?p=20013"},"modified":"2025-11-25T14:46:55","modified_gmt":"2025-11-25T12:46:55","slug":"suzbijanje-diskriminacije-u-sportu","status":"publish","type":"post","link":"https:\/\/www.ombudsman.hr\/hr\/suzbijanje-diskriminacije-u-sportu\/","title":{"rendered":"Suzbijanje diskriminacije u sportu"},"content":{"rendered":"<p>U organizaciji Europske mre\u017ee tijela za jednakost (Equinet) i talijanskog ureda za suzbijanje rasne diskriminacije (UNAR), 7. studenog 2024. u Rimu je odr\u017eana konferencija posve\u0107ena suzbijanju diskriminacije u sportu, a sljede\u0107eg dana, 8. studenog, i radionica za \u010dlanove Equineta. Na njima je sudjelovala i zamjenica pu\u010dke pravobraniteljice Dijana Kesonja, uz ostale predstavnike nacionalnih tijela za jednakost, predstavnike sportskih udru\u017eenja, sporta\u0161e i druge dionike.<\/p>\n<p>Konferencija je naglasila zna\u010dajnu ulogu sporta upravo u povezivanju i poticanju uklju\u010divosti svih skupina profesionalnih i amaterskih sporta\u0161a, a govornici iz svijeta sporta kroz osobna iskustva ukazali su na na\u010dine kako sport mo\u017ee osna\u017eiti i povezati osobe razli\u010ditih osobnih i dru\u0161tvenih karakteristika, \u010dime se zbog globalne popularnosti sporta poti\u010de i stvaranje inkluzivnijeg dru\u0161tva.<\/p>\n<p>Isto tako, nacionalna tijela za jednakost iz razli\u010ditih zemalja predstavili su primjere diskriminacije u sportu kroz primjere iz prakse, a sudionici konferencije zaklju\u010dili su da je za u\u010dinkovito suzbijanje diskriminacije klju\u010dno njezino razumijevanje i prepoznavanje, odnosno kako se postoje\u0107e predrasude mogu manifestirati u sportu i kako mogu utjecati na pripadnike razli\u010ditih skupina te kako se mogu suzbiti i ubudu\u0107e prevenirati.<\/p>\n<p>Ve\u0107oj dru\u0161tvenoj inkluzivnosti svakako mogu doprinijeti i sami sporta\u0161i, pogotovo sporta\u0161i koji su i me\u0111unarodno poznati, i to kao pozitivni primjeri s ciljem podizanja svijesti javnosti o jednakosti svih osoba, neovisno o njihovim osobinama, povezanim s nekim od diskriminacijskih osnova. Kona\u010dno, i kroz zajedni\u010dke sportske aktivnosti na razini lokalne zajednice, mo\u017ee se graditi pozitivan odnos prema pripadnicima razli\u010ditih skupina i time doprinijeti edukaciji o jednakosti, a time i suzbijanju diskriminacije u dru\u0161tvu.<\/p>\n","protected":false},"excerpt":{"rendered":"<p>U organizaciji Europske mre\u017ee tijela za jednakost (Equinet) i talijanskog ureda za suzbijanje rasne diskriminacije (UNAR), 7. studenog 2024. u Rimu je odr\u017eana konferencija posve\u0107ena suzbijanju diskriminacije u sportu, a sljede\u0107eg dana, 8. studenog, i radionica za \u010dlanove Equineta. Na njima je sudjelovala i zamjenica pu\u010dke pravobraniteljice Dijana Kesonja, uz ostale predstavnike nacionalnih tijela za [&hellip;]<\/p>\n","protected":false},"author":9,"featured_media":21098,"comment_status":"closed","ping_status":"closed","sticky":false,"template":"","format":"standard","meta":{"footnotes":""},"categories":[2090],"tags":[629,2080],"class_list":["post-21483","post","type-post","status-publish","format-standard","has-post-thumbnail","hentry","category-novosti","tag-suzbijanje-diskriminacije","tag-dogadaji"],"_links":{"self":[{"href":"https:\/\/www.ombudsman.hr\/hr\/wp-json\/wp\/v2\/posts\/21483","targetHints":{"allow":["GET"]}}],"collection":[{"href":"https:\/\/www.ombudsman.hr\/hr\/wp-json\/wp\/v2\/posts"}],"about":[{"href":"https:\/\/www.ombudsman.hr\/hr\/wp-json\/wp\/v2\/types\/post"}],"author":[{"embeddable":true,"href":"https:\/\/www.ombudsman.hr\/hr\/wp-json\/wp\/v2\/users\/9"}],"replies":[{"embeddable":true,"href":"https:\/\/www.ombudsman.hr\/hr\/wp-json\/wp\/v2\/comments?post=21483"}],"version-history":[{"count":1,"href":"https:\/\/www.ombudsman.hr\/hr\/wp-json\/wp\/v2\/posts\/21483\/revisions"}],"predecessor-version":[{"id":22107,"href":"https:\/\/www.ombudsman.hr\/hr\/wp-json\/wp\/v2\/posts\/21483\/revisions\/22107"}],"wp:featuredmedia":[{"embeddable":true,"href":"https:\/\/www.ombudsman.hr\/hr\/wp-json\/wp\/v2\/media\/21098"}],"wp:attachment":[{"href":"https:\/\/www.ombudsman.hr\/hr\/wp-json\/wp\/v2\/media?parent=21483"}],"wp:term":[{"taxonomy":"category","embeddable":true,"href":"https:\/\/www.ombudsman.hr\/hr\/wp-json\/wp\/v2\/categories?post=21483"},{"taxonomy":"post_tag","embeddable":true,"href":"https:\/\/www.ombudsman.hr\/hr\/wp-json\/wp\/v2\/tags?post=21483"}],"curies":[{"name":"wp","href":"https:\/\/api.w.org\/{rel}","templated":true}]}}