{"id":21470,"date":"2024-10-17T10:53:36","date_gmt":"2024-10-17T08:53:36","guid":{"rendered":"https:\/\/www.ombudsman.hr\/hr\/?p=19887"},"modified":"2024-10-18T16:55:49","modified_gmt":"2024-10-18T14:55:49","slug":"me-unarodni-dan-borbe-protiv-siroma-tva","status":"publish","type":"post","link":"https:\/\/www.ombudsman.hr\/hr\/me-unarodni-dan-borbe-protiv-siroma-tva\/","title":{"rendered":"Me\u0111unarodni dan borbe protiv siroma\u0161tva i socijalne isklju\u010denosti"},"content":{"rendered":"<p>Na inicijativu Ujedinjenih naroda, 17. listopada obilje\u017eava se Me\u0111unarodni dan borbe protiv siroma\u0161tva i socijalne isklju\u010denosti. Ovogodi\u0161njom <a href=\"https:\/\/www.un.org\/en\/observances\/day-for-eradicating-poverty\">temom<\/a> \u017eeli se istaknuti jedna od manje vidljivih dimenzija siroma\u0161tva, odnosno negativan odnos dru\u0161tva prema osobama koje \u017eive u siroma\u0161tvu.<\/p>\n<p>Na\u017ealost, brojna ljudska prava tim su osobama \u010desto nedostupna, primjerice, ote\u017ean im je pristup stanovanju, socijalnim i zdravstvenim uslugama, obrazovanju ili zapo\u0161ljavanju, a suo\u010davaju se i sa stigmatizacijom i diskriminacijom temeljem imovnog stanja. Stoga smanjenje rizika od siroma\u0161tva i socijalne isklju\u010denosti te nejednakosti u dru\u0161tvu mora biti prioritet socijalne politike.<\/p>\n<p>Prema <a href=\"https:\/\/podaci.dzs.hr\/2024\/hr\/77038\">posljednjim podacima<\/a> Dr\u017eavnog zavoda za statistiku, stopa rizika od siroma\u0161tva u 2023. godini u Hrvatskoj je iznosila 19,3%, dok se u riziku od siroma\u0161tva ili socijalne isklju\u010denosti nalazilo 20,7% gra\u0111ana.<\/p>\n<p>Na\u017ealost, to zna\u010di da se broj socijalno ugro\u017eenih osoba u na\u0161oj zemlji u odnosu na godinu ranije pove\u0107ao, kada se 18% gra\u0111ana nalazilo u riziku od siroma\u0161tva, a u riziku od siroma\u0161tva ili socijalne isklju\u010denosti bila je svaka peta osoba (19,9%).<\/p>\n<p>Primjerice, gotovo svaka druga osoba (41,4%) \u017eivjela je u ku\u0107anstvima koja nisu u mogu\u0107nosti podmiriti neo\u010dekivani financijski izdatak, svaka tre\u0107a osoba (39,4%) u onima koja nisu u mogu\u0107nosti priu\u0161titi si tjedan dana godi\u0161njeg odmora izvan ku\u0107e, a svaka 16. osoba (6,2%) u ku\u0107anstvima koja si ne mogu priu\u0161titi adekvatno grijanje u najhladnijim mjesecima.<\/p>\n<p>Uz to, svaka peta osoba (22%) vrlo te\u0161ko ili te\u0161ko je spajala kraj s krajem, a gotovo svaka druga osoba (44,3%) s tim imala male pote\u0161ko\u0107e \u0161to je, ukupno gledaju\u0107i, dvije tre\u0107ine gra\u0111ana Hrvatske.<\/p>\n<p>Najugro\u017eeniji su i dalje stariji od 65 godina, i to svaka tre\u0107a osoba (34,6% u riziku od siroma\u0161tva), a ako starija osoba \u017eivi sama, rizik od siroma\u0161tva je \u010dak 59,9%. No, zabrinjavaju\u0107e je da je drugi najve\u0107i porast rizika od siroma\u0161tva u odnosu na godinu prije zabilje\u017een kod mladih, odnosno osoba izme\u0111u 18 i 24 godine, i to za 2,3% (s 12,7% u 2022. na 15% u 2023.)<\/p>\n<p>Stoga je potrebno je ulo\u017eiti zna\u010dajnije napore u izgradnju u\u010dinkovitog sustava socijalne skrbi, koji \u0107e biti dobro organiziran, usmjeren na korisnike i s odgovaraju\u0107im kapacitetima, pri \u010demu mora biti dostupan svima, uklju\u010duju\u0107i u ruralnim i izoliranim podru\u010djima i na otocima, dok bi naknade trebale biti takve da osiguraju zna\u010dajnije smanjenje siroma\u0161tva.<\/p>\n<p>Vi\u0161e o siroma\u0161tvu, diskriminaciji temeljem imovnog stanja i utjecaju na ljudska prava, kao i koje su preporuke pu\u010dke pravobraniteljice za njihovu bolju za\u0161titu mo\u017eete saznati u <a href=\"https:\/\/www.ombudsman.hr\/hr\/socijalna-skrb-siromastvo-i-ljudska-prava-2023\/\">Izvje\u0161\u0107u pu\u010dke pravobraniteljice za 2023.<\/a><\/p>\n","protected":false},"excerpt":{"rendered":"<p>Na inicijativu Ujedinjenih naroda, 17. listopada obilje\u017eava se Me\u0111unarodni dan borbe protiv siroma\u0161tva i socijalne isklju\u010denosti. Ovogodi\u0161njom temom \u017eeli se istaknuti jedna od manje vidljivih dimenzija siroma\u0161tva, odnosno negativan odnos dru\u0161tva prema osobama koje \u017eive u siroma\u0161tvu. Na\u017ealost, brojna ljudska prava tim su osobama \u010desto nedostupna, primjerice, ote\u017ean im je pristup stanovanju, socijalnim i zdravstvenim [&hellip;]<\/p>\n","protected":false},"author":9,"featured_media":17995,"comment_status":"closed","ping_status":"closed","sticky":false,"template":"","format":"standard","meta":{"footnotes":""},"categories":[2090],"tags":[582,629,1852,1288],"class_list":["post-21470","post","type-post","status-publish","format-standard","has-post-thumbnail","hentry","category-novosti","tag-siromastvo","tag-suzbijanje-diskriminacije","tag-socijalno-ugrozeni","tag-zastita-i-promocija-ljudskih-prava"],"_links":{"self":[{"href":"https:\/\/www.ombudsman.hr\/hr\/wp-json\/wp\/v2\/posts\/21470","targetHints":{"allow":["GET"]}}],"collection":[{"href":"https:\/\/www.ombudsman.hr\/hr\/wp-json\/wp\/v2\/posts"}],"about":[{"href":"https:\/\/www.ombudsman.hr\/hr\/wp-json\/wp\/v2\/types\/post"}],"author":[{"embeddable":true,"href":"https:\/\/www.ombudsman.hr\/hr\/wp-json\/wp\/v2\/users\/9"}],"replies":[{"embeddable":true,"href":"https:\/\/www.ombudsman.hr\/hr\/wp-json\/wp\/v2\/comments?post=21470"}],"version-history":[{"count":0,"href":"https:\/\/www.ombudsman.hr\/hr\/wp-json\/wp\/v2\/posts\/21470\/revisions"}],"wp:featuredmedia":[{"embeddable":true,"href":"https:\/\/www.ombudsman.hr\/hr\/wp-json\/wp\/v2\/media\/17995"}],"wp:attachment":[{"href":"https:\/\/www.ombudsman.hr\/hr\/wp-json\/wp\/v2\/media?parent=21470"}],"wp:term":[{"taxonomy":"category","embeddable":true,"href":"https:\/\/www.ombudsman.hr\/hr\/wp-json\/wp\/v2\/categories?post=21470"},{"taxonomy":"post_tag","embeddable":true,"href":"https:\/\/www.ombudsman.hr\/hr\/wp-json\/wp\/v2\/tags?post=21470"}],"curies":[{"name":"wp","href":"https:\/\/api.w.org\/{rel}","templated":true}]}}