{"id":21438,"date":"2024-08-01T11:41:53","date_gmt":"2024-08-01T09:41:53","guid":{"rendered":"https:\/\/www.ombudsman.hr\/hr\/?p=19779"},"modified":"2025-09-10T13:08:26","modified_gmt":"2025-09-10T11:08:26","slug":"me-unarodni-dan-sje-anja-na-romske-rtve-genocida-u-drugom-svjetskom-ratu-samudaripen","status":"publish","type":"post","link":"https:\/\/www.ombudsman.hr\/hr\/me-unarodni-dan-sje-anja-na-romske-rtve-genocida-u-drugom-svjetskom-ratu-samudaripen\/","title":{"rendered":"Me\u0111unarodni dan sje\u0107anja na romske \u017ertve genocida u Drugom svjetskom ratu \u2013 Samudaripen"},"content":{"rendered":"<p style=\"text-align: justify;\">Drugi svjetski rat jedno je od najtragi\u010dnijih razdoblja modernog doba, a u povijesti \u0107e ostati zapisano kao vrijeme bujanja mr\u017enje i sustavnog proganjanja koji su doveli do vi\u0161e desetaka milijuna smrti.<\/p>\n<p style=\"text-align: justify;\">Prema procjenama povjesni\u010dara, me\u0111u \u017ertvama Drugog svjetskog rata bilo je i izme\u0111u 220 i 500 tisu\u0107a Roma. Kako bi se o\u010duvalo sje\u0107anje na \u017ertve, a njihovo stradanje ostalo stalan podsjetnik na opasnosti rasizma, 2. kolovoza obilje\u017eava se Me\u0111unarodni dan sje\u0107anja na romske \u017ertve genocida u Drugom svjetskom ratu \u2013 Samudaripen. Naime, na ovaj datum 1944. godine u koncentracijskom logoru Auschwitz ubijeno je gotovo tri tisu\u0107e Roma.<\/p>\n<p style=\"text-align: justify;\">Dio Roma je u Drugom svjetskom ratu stradao i na prostoru dana\u0161nje Republike Hrvatske, pod usta\u0161kim re\u017eimom koji je donio i provodio rasne zakona. U tom, razdoblju Nezavisne Dr\u017eave Hrvatske (NDH), Romi su bili progonjeni, odvo\u0111eni u logore i ubijani.<\/p>\n<p style=\"text-align: justify;\">Prema slu\u017ebenim podacima Spomen podru\u010dja Jasenovac na podru\u010dju U\u0161tice usta\u0161e su domove i imanja lokalnog stanovni\u0161tva ogradili \u017eicom i pretvorili u sabirni logor smrti, koji je od 1942. do 1945. djelovao kao usta\u0161ki logor za Rome.<\/p>\n<p style=\"text-align: justify;\">U Hrvatskoj se stoga Me\u0111unarodni dan sje\u0107anja na romske \u017ertve genocida u Drugom svjetskom ratu, Samudaripen, tradicionalno obilje\u017eava na romskom groblju U\u0161tica, a obilje\u017eavanje organiziraju Savez Roma u RH \u201eKali Sara\u201c i Ured saborskog zastupnika Veljka Kajtazija.<\/p>\n<p style=\"text-align: justify;\">Vijenac u spomen stradalima polo\u017eio je i zamjenik pu\u010dke pravobraniteljice Sa\u0161a Raji\u0107.<\/p>\n","protected":false},"excerpt":{"rendered":"<p>Drugi svjetski rat jedno je od najtragi\u010dnijih razdoblja modernog doba, a u povijesti \u0107e ostati zapisano kao vrijeme bujanja mr\u017enje i sustavnog proganjanja koji su doveli do vi\u0161e desetaka milijuna smrti. Prema procjenama povjesni\u010dara, me\u0111u \u017ertvama Drugog svjetskog rata bilo je i izme\u0111u 220 i 500 tisu\u0107a Roma. Kako bi se o\u010duvalo sje\u0107anje na \u017ertve, [&hellip;]<\/p>\n","protected":false},"author":1,"featured_media":21043,"comment_status":"closed","ping_status":"closed","sticky":false,"template":"","format":"standard","meta":{"footnotes":""},"categories":[2090],"tags":[2080],"class_list":["post-21438","post","type-post","status-publish","format-standard","has-post-thumbnail","hentry","category-novosti","tag-dogadaji"],"_links":{"self":[{"href":"https:\/\/www.ombudsman.hr\/hr\/wp-json\/wp\/v2\/posts\/21438","targetHints":{"allow":["GET"]}}],"collection":[{"href":"https:\/\/www.ombudsman.hr\/hr\/wp-json\/wp\/v2\/posts"}],"about":[{"href":"https:\/\/www.ombudsman.hr\/hr\/wp-json\/wp\/v2\/types\/post"}],"author":[{"embeddable":true,"href":"https:\/\/www.ombudsman.hr\/hr\/wp-json\/wp\/v2\/users\/1"}],"replies":[{"embeddable":true,"href":"https:\/\/www.ombudsman.hr\/hr\/wp-json\/wp\/v2\/comments?post=21438"}],"version-history":[{"count":1,"href":"https:\/\/www.ombudsman.hr\/hr\/wp-json\/wp\/v2\/posts\/21438\/revisions"}],"predecessor-version":[{"id":22129,"href":"https:\/\/www.ombudsman.hr\/hr\/wp-json\/wp\/v2\/posts\/21438\/revisions\/22129"}],"wp:featuredmedia":[{"embeddable":true,"href":"https:\/\/www.ombudsman.hr\/hr\/wp-json\/wp\/v2\/media\/21043"}],"wp:attachment":[{"href":"https:\/\/www.ombudsman.hr\/hr\/wp-json\/wp\/v2\/media?parent=21438"}],"wp:term":[{"taxonomy":"category","embeddable":true,"href":"https:\/\/www.ombudsman.hr\/hr\/wp-json\/wp\/v2\/categories?post=21438"},{"taxonomy":"post_tag","embeddable":true,"href":"https:\/\/www.ombudsman.hr\/hr\/wp-json\/wp\/v2\/tags?post=21438"}],"curies":[{"name":"wp","href":"https:\/\/api.w.org\/{rel}","templated":true}]}}